{"id":5882,"date":"2016-12-01T13:29:08","date_gmt":"2016-12-01T15:29:08","guid":{"rendered":"http:\/\/www.toque-musicall.com\/?p=5882"},"modified":"2016-12-01T13:29:08","modified_gmt":"2016-12-01T15:29:08","slug":"toquinho-a-sombra-de-um-jatoba-1989","status":"publish","type":"post","link":"https:\/\/www.toque-musicall.com\/?p=5882","title":{"rendered":"Toquinho &#8211; A Sombra De Um Jatob\u00e1 (1989)"},"content":{"rendered":"<p><img loading=\"lazy\" decoding=\"async\" class=\"aligncenter size-large\" src=\"https:\/\/2.bp.blogspot.com\/-qJ2BFCnz2ig\/WEAlry9MEMI\/AAAAAAAANnM\/b0pEBXIGizIzpA66QJ1p-Vp4aV51vwucgCLcB\/s640\/capap.JPG\" alt=\"\" width=\"639\" height=\"640\" \/><img loading=\"lazy\" decoding=\"async\" class=\"aligncenter size-large\" src=\"https:\/\/4.bp.blogspot.com\/--83-XY6vx5g\/WEAlqvt11iI\/AAAAAAAANnI\/40XNxrHey0wUSrkdjCB-qmTHhh3yezipACLcB\/s640\/contrap.JPG\" alt=\"\" width=\"640\" height=\"636\" \/><\/p>\n<p>Um cantor, compositor e violonista not\u00e1vel, de longa e vitoriosa carreira no cen\u00e1rio musical brasileiro. Assim \u00e9 Ant\u00f4nio Pecci Filho, o Toquinho, hoje posto em foco pelo Toque Musical. Ele veio ao mundo no dia 6 de julho de 1946, em S\u00e3o Paulo, e ganhou da m\u00e3e o apelido que o acompanharia em toda a sua trajet\u00f3ria . Interessado pelo viol\u00e3o, come\u00e7ou a tomar aulas desde os primeiros anos de sua adolesc\u00eancia. Aprendiz de outro grande violonista, Paulinho Nogueira, acumulou conhecimento para o solo e o acompanhamento, ap\u00f3s buscar outras influ\u00eancias, como as de Oscar Castro Neves, Isa\u00edas S\u00e1vio e L\u00e9o Peracchi. A partir da experi\u00eancia t\u00e9cnica acumulada, come\u00e7aram suas apresenta\u00e7\u00f5es p\u00fablicas, em col\u00e9gios, faculdades e clubes. O primeiro a colocar letra em uma composi\u00e7\u00e3o de Toquinho foi Chico Buarque, da\u00ed nascendo a m\u00fasica \u201cLua nova\u201d. Em 1966, lan\u00e7a seu primeiro LP, \u201cO viol\u00e3o de Toquinho\u201d, um trabalho totalmente instrumental. Aproveitando a visibilidade da \u00e9poca, apresenta-se em programas musicais da televis\u00e3o, inclusive os famosos festivais de MPB da antiga Record. Em 1969, comp\u00f5e e grava, em dupla com Jorge Ben (depois Ben\u00a0 Jor), dois grandes sucessos: \u201cQue maravilha\u201d e \u201cCarolina Carol bela\u201d. No mesmo ano, novamente ao lado de Chico Buarque, fez uma turn\u00ea pela It\u00e1lia, durante a qual gravou o \u00e1lbum \u201cLa vita, amico, \u00e9 l\u2019arte dell\u2019incontro\u201d, com poemas de Vin\u00edcius de Moraes musicados e gravados por artistas italianos como Giuseppe Ungaretti e Sergio Endrigo. Entusiasmado com a homenagem, o pr\u00f3prio Vin\u00edcius convidou Toquinho para uma temporada de shows na Argentina, ao lado da cantora Maria Creuza. Assim nasceu a dupla Toquinho e Vin\u00edcius, sucesso absoluto no Brasil e no exterior, tanto em discos quanto em shows, e que s\u00f3 terminaria em 1980, com a morte do Poetinha. Ao longo da d\u00e9cada de 80, Toquinho continuou com grande prest\u00edgio, participando do Festival de Jazz de Montreux, Su\u00ed\u00e7a, e tendo sua arte reconhecida internacionalmente. Mais de 65 \u00e1lbuns gravados, cerca de 260 composi\u00e7\u00f5es musicais (como esquecer sucessos tipo \u201cNa boca da noite\u201d, \u00a0\u201cAquarela\u201d, \u201cAo que vai chegar\u201d, \u201cEra uma vez\u201d, \u201cO caderno\u201d, \u201cTarde em Itapo\u00e3\u201d, \u201cMorena flor\u201d, \u201cCoisas do cora\u00e7\u00e3o\u201d e tantos outros?), e mais de 2.000 shows realizados no Brasil e no exterior, est\u00e3o no respeit\u00e1vel curr\u00edculo de nosso Toquinho. E dessa extensa e expressiva discografia, o TM oferece hoje a seus amigos cultos, ocultos e associados, o quadrag\u00e9simo-segundo LP de sua carreira, \u201c\u00c0 sombra de um jatob\u00e1\u201d, lan\u00e7ado em 1989 pela RCA\/BMG, atual Sony Music. Produzido pelo pr\u00f3prio Toquinho em parceria com Ed Wilson, tamb\u00e9m cantor e compositor, que ficou famoso no tempo da Jovem Guarda, este trabalho tem dez faixas, a maior parte\u00a0 assinadas por ele pr\u00f3prio, sozinho ou com parceiros, instrumentadas por arranjadores conceituados, tipo Lincoln Olivetti, Jotinha e Ivan Paulo. Nele, Toquinho mescla g\u00eaneros musicais diversos, da balada ao samba rasgado, e n\u00e3o faltam convidados especiais, caso de Eliana Estev\u00e3o (na faixa \u201cPr\u00eamio e castigo\u201d) e Fagner (\u201cLindo e triste Brasil\u201d). A faixa de abertura, \u201cLinho e flanela\u201d, \u00e9 vers\u00e3o do pr\u00f3prio Toquinho para uma m\u00fasica do dominicano Juan Lu\u00eds Guerra, de quem Fagner tamb\u00e9m verteu \u201cBorbulhas de amor\u201d (\u201cBurbujas de amor\u201d), posteriormente. O saudoso Vin\u00edcius de Moraes assina com Toquinho \u201cPlanta baixa\u201d, originalmente lan\u00e7ada em 1974 pelo cantor Betinho, na trilha sonora da novela global \u201cFogo sobre terra\u201d, e os parceiros de Toquinho em \u201cNosso amor\u201d s\u00e3o o co-produtor deste disco, Ed Wilson, e Paulo S\u00e9rgio Valle. Ele ainda assina, com o irm\u00e3o Jo\u00e3o Carlos, \u201cDoce mart\u00edro\u201d, e com Mutinho , sobrinho do imortal Lupic\u00ednio Rodrigues, \u201cCan\u00e7\u00e3o pra M\u00f4nica\u201d, que encerra o disco. Todo esse conjunto reafirma a qualidade do trabalho musical de Toquinho, e mostra porque ele \u00e9, ainda hoje, important\u00edssima refer\u00eancia para novos int\u00e9rpretes e instrumentistas em in\u00edcio de carreira.<\/p>\n<div style=\"text-align: center;\">lindo e trriste brasil<\/div>\n<div style=\"text-align: center;\">nosso amor<\/div>\n<div style=\"text-align: center;\">caminhado juntos<\/div>\n<div style=\"text-align: center;\">planta baixa<\/div>\n<div style=\"text-align: center;\">a sombra de um jatob\u00e1<\/div>\n<div style=\"text-align: center;\">pr\u00eamio e castigo<\/div>\n<div style=\"text-align: center;\">doce mart\u00edrio<\/div>\n<div style=\"text-align: center;\">misturando idiomas<\/div>\n<div style=\"text-align: center;\">can\u00e7\u00e3o pra monica<\/div>\n<div style=\"text-align: center;\">linho e flanela<\/div>\n<p>*Texto de Samuel Machado Filho<\/p>\n","protected":false},"excerpt":{"rendered":"<p>Um cantor, compositor e violonista not\u00e1vel, de longa e vitoriosa carreira no cen\u00e1rio musical brasileiro. Assim \u00e9 Ant\u00f4nio Pecci Filho, o Toquinho, hoje posto em foco pelo Toque Musical. Ele veio ao mundo no dia 6 de julho de 1946, &hellip; <a href=\"https:\/\/www.toque-musicall.com\/?p=5882\">Continue lendo <span class=\"meta-nav\">&rarr;<\/span><\/a><\/p>\n","protected":false},"author":1,"featured_media":0,"comment_status":"open","ping_status":"closed","sticky":false,"template":"","format":"standard","meta":{"footnotes":""},"categories":[70,1120],"tags":[],"class_list":["post-5882","post","type-post","status-publish","format-standard","hentry","category-selo-rca-victor","category-toquinho"],"_links":{"self":[{"href":"https:\/\/www.toque-musicall.com\/index.php?rest_route=\/wp\/v2\/posts\/5882","targetHints":{"allow":["GET"]}}],"collection":[{"href":"https:\/\/www.toque-musicall.com\/index.php?rest_route=\/wp\/v2\/posts"}],"about":[{"href":"https:\/\/www.toque-musicall.com\/index.php?rest_route=\/wp\/v2\/types\/post"}],"author":[{"embeddable":true,"href":"https:\/\/www.toque-musicall.com\/index.php?rest_route=\/wp\/v2\/users\/1"}],"replies":[{"embeddable":true,"href":"https:\/\/www.toque-musicall.com\/index.php?rest_route=%2Fwp%2Fv2%2Fcomments&post=5882"}],"version-history":[{"count":1,"href":"https:\/\/www.toque-musicall.com\/index.php?rest_route=\/wp\/v2\/posts\/5882\/revisions"}],"predecessor-version":[{"id":5883,"href":"https:\/\/www.toque-musicall.com\/index.php?rest_route=\/wp\/v2\/posts\/5882\/revisions\/5883"}],"wp:attachment":[{"href":"https:\/\/www.toque-musicall.com\/index.php?rest_route=%2Fwp%2Fv2%2Fmedia&parent=5882"}],"wp:term":[{"taxonomy":"category","embeddable":true,"href":"https:\/\/www.toque-musicall.com\/index.php?rest_route=%2Fwp%2Fv2%2Fcategories&post=5882"},{"taxonomy":"post_tag","embeddable":true,"href":"https:\/\/www.toque-musicall.com\/index.php?rest_route=%2Fwp%2Fv2%2Ftags&post=5882"}],"curies":[{"name":"wp","href":"https:\/\/api.w.org\/{rel}","templated":true}]}}