{"id":5884,"date":"2016-12-03T17:08:29","date_gmt":"2016-12-03T19:08:29","guid":{"rendered":"http:\/\/www.toque-musicall.com\/?p=5884"},"modified":"2016-12-03T17:08:29","modified_gmt":"2016-12-03T19:08:29","slug":"festival-dos-festivais-1966","status":"publish","type":"post","link":"https:\/\/www.toque-musicall.com\/?p=5884","title":{"rendered":"Festival Dos Festivais (1966)"},"content":{"rendered":"<p><img loading=\"lazy\" decoding=\"async\" class=\"aligncenter size-large\" src=\"https:\/\/1.bp.blogspot.com\/-Db-QlUdvJto\/WEMPpY0IoFI\/AAAAAAAANng\/ObrAimpyLA0xozsRwZcmN3utr5r7JRx1QCLcB\/s640\/capap.JPG\" alt=\"\" width=\"640\" height=\"630\" \/><img loading=\"lazy\" decoding=\"async\" class=\"aligncenter size-large\" src=\"https:\/\/3.bp.blogspot.com\/-tBS8ssF08V0\/WEMPq272vrI\/AAAAAAAANnk\/xlWPv6hOilQVyqsYHZawQXiCcOYrgIk3ACLcB\/s640\/contrap.JPG\" alt=\"\" width=\"640\" height=\"640\" \/><\/p>\n<p>Boa tarde, car\u00edssimos amigos cultos e ocultos! Aproveitando que eu andei digitalizando alguns discos de festivais, achei por bem compartilha-los com voc\u00eas. J\u00e1 encaminhei um tanto para que o nosso resenhista de plant\u00e3o, o Samuca, fa\u00e7a aqui as devidas e sequentes apresenta\u00e7\u00f5es. Eu, mais uma vez, vou me limitar apenas na sele\u00e7\u00e3o e publica\u00e7\u00e3o das postagens. Eventualmente, vou dando uns pitacos.<br \/>\nIniciando a semana dedicada aos festivais de m\u00fasica, que muito sucesso faziam desde os anos 60, eu abro com este lp, lan\u00e7ado pelo selo Philips em 1966. Trata-se de uma colet\u00e2nea, um resumo de suas produ\u00e7\u00f5es para alguns dos festivais de m\u00fasica da \u00e9poca. Escolhi este lp para abrirmos nossa semana tem\u00e1tica tamb\u00e9m por conta de uma contracapa cheia de informa\u00e7\u00f5es, que me garante uma postagem imediata. Nem preciso entrar em detalhes. Me poupem&#8230; hehehe&#8230;<\/p>\n<div style=\"text-align: center;\">saveiros &#8211; elis regina<\/div>\n<div style=\"text-align: center;\">gina &#8211; wayne fontana<\/div>\n<div style=\"text-align: center;\">a banda &#8211; nara le\u00e3o<\/div>\n<div style=\"text-align: center;\">ensaio geral &#8211; gilberto gil<\/div>\n<div style=\"text-align: center;\">dia das rosas &#8211; claudette soares<\/div>\n<div style=\"text-align: center;\">amor, sempre amor &#8211; f. pereira<\/div>\n<div style=\"text-align: center;\">o cavaleiro &#8211; geraldo vandr\u00e9<\/div>\n<div style=\"text-align: center;\">disparada &#8211; jair rodrigues<\/div>\n<div style=\"text-align: center;\">can\u00e7\u00e3o de n\u00e3o cantar &#8211; elis regina<\/div>\n<div style=\"text-align: center;\">fran den wind &#8211; ronaldo<\/div>\n<div style=\"text-align: center;\">chorar e cantar &#8211; claudette soares<\/div>\n<div style=\"text-align: center;\">jogo de roda &#8211; elis regina<\/div>\n<div style=\"text-align: center;\">can\u00e7\u00e3o do negro amor &#8211; silvio aleixo<\/div>\n<p>.<\/p>\n","protected":false},"excerpt":{"rendered":"<p>Boa tarde, car\u00edssimos amigos cultos e ocultos! Aproveitando que eu andei digitalizando alguns discos de festivais, achei por bem compartilha-los com voc\u00eas. J\u00e1 encaminhei um tanto para que o nosso resenhista de plant\u00e3o, o Samuca, fa\u00e7a aqui as devidas e &hellip; <a href=\"https:\/\/www.toque-musicall.com\/?p=5884\">Continue lendo <span class=\"meta-nav\">&rarr;<\/span><\/a><\/p>\n","protected":false},"author":1,"featured_media":0,"comment_status":"open","ping_status":"closed","sticky":false,"template":"","format":"standard","meta":{"footnotes":""},"categories":[49,64,52,278,258,45,43,288,48,2739],"tags":[],"class_list":["post-5884","post","type-post","status-publish","format-standard","hentry","category-claudette-soares","category-coletanea","category-elis-regina","category-festivais","category-geraldo-vandre","category-gilberto-gil","category-jair-rodrigues","category-nara-leao","category-selo-philips","category-silvio-aleixo"],"_links":{"self":[{"href":"https:\/\/www.toque-musicall.com\/index.php?rest_route=\/wp\/v2\/posts\/5884","targetHints":{"allow":["GET"]}}],"collection":[{"href":"https:\/\/www.toque-musicall.com\/index.php?rest_route=\/wp\/v2\/posts"}],"about":[{"href":"https:\/\/www.toque-musicall.com\/index.php?rest_route=\/wp\/v2\/types\/post"}],"author":[{"embeddable":true,"href":"https:\/\/www.toque-musicall.com\/index.php?rest_route=\/wp\/v2\/users\/1"}],"replies":[{"embeddable":true,"href":"https:\/\/www.toque-musicall.com\/index.php?rest_route=%2Fwp%2Fv2%2Fcomments&post=5884"}],"version-history":[{"count":1,"href":"https:\/\/www.toque-musicall.com\/index.php?rest_route=\/wp\/v2\/posts\/5884\/revisions"}],"predecessor-version":[{"id":5885,"href":"https:\/\/www.toque-musicall.com\/index.php?rest_route=\/wp\/v2\/posts\/5884\/revisions\/5885"}],"wp:attachment":[{"href":"https:\/\/www.toque-musicall.com\/index.php?rest_route=%2Fwp%2Fv2%2Fmedia&parent=5884"}],"wp:term":[{"taxonomy":"category","embeddable":true,"href":"https:\/\/www.toque-musicall.com\/index.php?rest_route=%2Fwp%2Fv2%2Fcategories&post=5884"},{"taxonomy":"post_tag","embeddable":true,"href":"https:\/\/www.toque-musicall.com\/index.php?rest_route=%2Fwp%2Fv2%2Ftags&post=5884"}],"curies":[{"name":"wp","href":"https:\/\/api.w.org\/{rel}","templated":true}]}}