{"id":589,"date":"2011-01-04T09:29:00","date_gmt":"2011-01-04T09:29:00","guid":{"rendered":"http:\/\/www.toque-musicall.com\/?p=589"},"modified":"2011-01-04T09:29:00","modified_gmt":"2011-01-04T09:29:00","slug":"guilherme-lamounier-1978","status":"publish","type":"post","link":"https:\/\/www.toque-musicall.com\/?p=589","title":{"rendered":"Guilherme Lamounier (1978)"},"content":{"rendered":"<p><a href=\"http:\/\/3.bp.blogspot.com\/_DSKVEvHtskc\/TSLokI3eKUI\/AAAAAAAAHg8\/wCVv0Ri_718\/s1600\/Guilherme+Lamounier+P.JPG\"><img decoding=\"async\" id=\"BLOGGER_PHOTO_ID_5558260597681695042\" style=\"DISPLAY: block; MARGIN: 0px auto 10px; WIDTH: 400px; CURSOR: hand; HEIGHT: 399px; TEXT-ALIGN: center\" alt=\"\" src=\"http:\/\/3.bp.blogspot.com\/_DSKVEvHtskc\/TSLokI3eKUI\/AAAAAAAAHg8\/wCVv0Ri_718\/s400\/Guilherme+Lamounier+P.JPG\" border=\"0\" \/><\/a> Bom dia, amigos cultos e ocultos! Para que a nossa semana n\u00e3o fique s\u00f3 nos anos 50 e 60, vamos tamb\u00e9m para os 70 e com outros focos musicais. Naturalmente, toda postagem \u00e9 motivada por alguma raz\u00e3o al\u00e9m do meu compromisso informal de faz\u00ea-la di\u00e1ria. T\u00f4 gostando muito de publicar aqui minhas \u00faltimas aquisi\u00e7\u00f5es, mas tamb\u00e9m tem outras, as doa\u00e7\u00f5es e colabora\u00e7\u00f5es, que eu n\u00e3o posso esquecer. H\u00e1 pouco mais de um m\u00eas (no ano passado!), o amigo Tales enviou para mim, este \u00e1lbum que ele mesmo digitalizou, segundo ele, &#8220;conforme as normas da casa&#8221;. Legal, veio tudo do jeito que eu gosto e sem me dar trabalho (valeu, amig\u00e3o!). Como eu ontem estive ouvindo algumas m\u00fasicas do Guilherme em parceria com Tib\u00e9rio Gaspar, acabei me tocando para o presente esquecido e da\u00ed, porque n\u00e3o post\u00e1-lo hoje? \ud83d\ude42<br \/>Segue ent\u00e3o mais um \u00e1lbum do <a href=\"http:\/\/toque-musicall.blogspot.com\/search\/label\/Guilherme%20Lamounier\">Guilherme Lamounier postado aqui no Toque Musical<\/a>. Ta\u00ed um artista que eu gosto muito e vez ou outra eu me pergunto, onde ele foi parar? O cara era muito bom compositor. Acho que depois deste disco, nunca mais ele foi not\u00edcia. Pelo menos para mim. Quando postei os outros dois discos dele tamb\u00e9m comentei isso, a sua aus\u00eancia no cen\u00e1rio art\u00edstico e musical. Tem muita gente que acha o cara com uma &#8216;pegada&#8217; meio brega, eu j\u00e1 diria que ele \u00e9 um tipo rom\u00e2ntico. O romantismo tem l\u00e1 suas &#8216;franjas&#8217;, mas no caso dele, elas s\u00e3o bem aparadas. Guilherme tem uma composi\u00e7\u00e3o que me lembra bem alguns velhos &#8216;jingles&#8217;. Sua m\u00fasica cola de imediato no ouvido e depois de ouv\u00ed-las umas duas ou tr\u00eas vezes, a gente sai quase que sem querer cantarolando algum refr\u00e3o. Neste \u00e1lbum, lan\u00e7ado pela Som Livre em 78, temos apenas nove faixas, o que d\u00e1 ao disco um outro padr\u00e3o. Normalmente, discos de m\u00fasica popular, pop nacional, seguiam o modelo comercial de doze faixas. Eu sempre vi os lps, quando fogem a regra, com outros olhos (e ouvidos tamb\u00e9m). Penso que quando um artista ou grupo musical pop faz um disco sem seguir essa f\u00f3rmula, tem algo de muito especial na manga, ou melhor, no trabalho. No caso do nosso amigo aqui n\u00e3o preciso nem repetir. Por certo este disco de 1978 n\u00e3o tem o mesmo vigor do trabalho de cinco anos atr\u00e1s, mas n\u00e3o deixa de ter l\u00e1 os seus encantos. Pessoalmente, eu adoro a faixa &#8220;Seu melhor amigo&#8221;, j\u00e1 foi tema de algumas paix\u00f5es na minha adolesc\u00eancia (\u00eata tempo b\u00e3o, s\u00f4!).<br \/>Mas este disco \u00e9 mesmo bacaninha. A produ\u00e7\u00e3o e os arranjos s\u00e3o de Guto Gra\u00e7a Mello. Tem participa\u00e7\u00f5es especiais de Lincoln Olivetti e, em praticamente quase todas as faixas, a Jane Duboc fazendo &#8216;backing vocal&#8217;. Confiram a\u00ed&#8230;<\/p>\n<div align=\"center\">estrela de rock and roll (superstar)<\/div>\n<div align=\"center\">seu melhor amigo<\/div>\n<div align=\"center\">saci perer\u00ea<\/div>\n<div align=\"center\">serenatas perfumadas com jasmim<\/div>\n<div align=\"center\">para, chega, basta<\/div>\n<div align=\"center\">liberdade<\/div>\n<div align=\"center\">sandra<\/div>\n<div align=\"center\">eu preciso de algu\u00e9m<\/div>\n<div align=\"center\">ser e estar<\/div>\n<p><\/p>\n<div align=\"center\"><\/div>\n<p><\/p>\n<div align=\"center\"><\/div>\n","protected":false},"excerpt":{"rendered":"<p>Bom dia, amigos cultos e ocultos! Para que a nossa semana n\u00e3o fique s\u00f3 nos anos 50 e 60, vamos tamb\u00e9m para os 70 e com outros focos musicais. Naturalmente, toda postagem \u00e9 motivada por alguma raz\u00e3o al\u00e9m do meu &hellip; <a href=\"https:\/\/www.toque-musicall.com\/?p=589\">Continue lendo <span class=\"meta-nav\">&rarr;<\/span><\/a><\/p>\n","protected":false},"author":1,"featured_media":0,"comment_status":"open","ping_status":"closed","sticky":false,"template":"","format":"standard","meta":{"footnotes":""},"categories":[883],"tags":[],"class_list":["post-589","post","type-post","status-publish","format-standard","hentry","category-guilherme-lamounier"],"_links":{"self":[{"href":"https:\/\/www.toque-musicall.com\/index.php?rest_route=\/wp\/v2\/posts\/589","targetHints":{"allow":["GET"]}}],"collection":[{"href":"https:\/\/www.toque-musicall.com\/index.php?rest_route=\/wp\/v2\/posts"}],"about":[{"href":"https:\/\/www.toque-musicall.com\/index.php?rest_route=\/wp\/v2\/types\/post"}],"author":[{"embeddable":true,"href":"https:\/\/www.toque-musicall.com\/index.php?rest_route=\/wp\/v2\/users\/1"}],"replies":[{"embeddable":true,"href":"https:\/\/www.toque-musicall.com\/index.php?rest_route=%2Fwp%2Fv2%2Fcomments&post=589"}],"version-history":[{"count":0,"href":"https:\/\/www.toque-musicall.com\/index.php?rest_route=\/wp\/v2\/posts\/589\/revisions"}],"wp:attachment":[{"href":"https:\/\/www.toque-musicall.com\/index.php?rest_route=%2Fwp%2Fv2%2Fmedia&parent=589"}],"wp:term":[{"taxonomy":"category","embeddable":true,"href":"https:\/\/www.toque-musicall.com\/index.php?rest_route=%2Fwp%2Fv2%2Fcategories&post=589"},{"taxonomy":"post_tag","embeddable":true,"href":"https:\/\/www.toque-musicall.com\/index.php?rest_route=%2Fwp%2Fv2%2Ftags&post=589"}],"curies":[{"name":"wp","href":"https:\/\/api.w.org\/{rel}","templated":true}]}}