{"id":5891,"date":"2016-12-07T08:12:05","date_gmt":"2016-12-07T10:12:05","guid":{"rendered":"http:\/\/www.toque-musicall.com\/?p=5891"},"modified":"2016-12-07T08:12:41","modified_gmt":"2016-12-07T10:12:41","slug":"ii-festival-universitario-da-guanabara-1969","status":"publish","type":"post","link":"https:\/\/www.toque-musicall.com\/?p=5891","title":{"rendered":"II Festival Universit\u00e1rio da Guanabara (1969)"},"content":{"rendered":"<p><img loading=\"lazy\" decoding=\"async\" class=\"aligncenter size-large\" src=\"https:\/\/1.bp.blogspot.com\/-T7U5fybMNUc\/WEfdzJTF8sI\/AAAAAAAANok\/BxVBxdXbTBwZd0Fp0y9pXI0Sm8moGlcnQCLcB\/s640\/cafp.jpg\" alt=\"\" width=\"632\" height=\"640\" \/><img loading=\"lazy\" decoding=\"async\" class=\"aligncenter size-large\" src=\"https:\/\/4.bp.blogspot.com\/-LHwzH73FnTw\/WEfdy962MkI\/AAAAAAAANog\/OO_4lott4KMww1cSDqpWIc2RPjqWhZ58QCLcB\/s640\/contrap.jpg\" alt=\"\" width=\"628\" height=\"640\" \/><\/p>\n<p>Ol\u00e1, amigos cultos, ocultos e associados! Prosseguindo o ciclo dedicado aos festivais, o TM nos oferece hoje um compacto duplo com quatro m\u00fasicas que concorreram no II Festival Universit\u00e1rio do Rio de Janeiro (ent\u00e3o estado da Guanabara), promovido pela TV Tupi em 1969. Ao contr\u00e1rio dos certames similares promovidos pelas TVs Excelsior, Record e Globo, este destinava-se exclusivamente a compositores universit\u00e1rios, e foi realizado pela Tupi no Rio de Janeiro e em S\u00e3o Paulo durante quatro anos, de 1968 e 1972. Curiosamente, n\u00e3o consta deste compacto da Odeon a m\u00fasica vencedora da edi\u00e7\u00e3o carioca de 1969 (quando o regime militar e, por tabela, a censura, <a href=\"https:\/\/www.blogger.com\/null\" name=\"_GoBack\"><\/a>\u00a0j\u00e1 estavam bastante endurecidos, com a decreta\u00e7\u00e3o do draconiano Ato Institucional n\u00famero 5), \u201cO trem\u201d, de e com Gonzaguinha, ent\u00e3o assinando-se Luiz Gonzaga J\u00fanior. Em compensa\u00e7\u00e3o, vamos encontrar aqui grandes nomes da MPB em princ\u00edpio de carreira, aos quais coube a apresenta\u00e7\u00e3o das m\u00fasicas dos ent\u00e3o jovens compositores universit\u00e1rios.\u00a0 Abrindo o precioso disquinho, temos \u201cNada sei de eterno\u201d de S\u00edlvio da Silva Jr. e Aldir Blanc, na voz de Taiguara, inclu\u00edda depois no primeiro LP do cantor-compositor, uruguaio radicado no Brasil. \u201cDois minutos de um novo dia\u201d, de Ruy Maurity e Jos\u00e9 Jorge, \u00e9 interpretada pelo grupo Ant\u00f4nio Adolfo &amp; A Brazuca, ent\u00e3o em evid\u00eancia.\u00a0 Clara Nunes, acompanhada pelo Quarteto 004, apresenta a quinta colocada, \u201cDe esquina em esquina\u201d, de C\u00e9sar Costa Filho e Aldir Blanc, inclu\u00edda depois no terceiro LP de Clara, \u201cA beleza que canta\u201d. Finalizando, os sempre afinad\u00edssimos Golden Boys, interpretando \u201cA menina e a fonte\u201d, de Arthur \u00a0Verocai, Paulinho Tapaj\u00f3s e Arnoldo Medeiros.\u00a0 Enfim, \u00e9 um pequeno-grande documento sonoro que enriquecer\u00e1 os acervos de tantos quantos apreciem o que a MPB produziu de melhor e mais expressivo na d\u00e9cada de 1960. \u00c9 s\u00f3 conferir&#8230;<\/p>\n<div style=\"text-align: center;\">nada sei de eterno &#8211; taiguara<\/div>\n<div style=\"text-align: center;\">2 minutos de um novo dia &#8211; antonio adolfo &amp; a brazuka<\/div>\n<div style=\"text-align: center;\">de esquina em esquina &#8211; clara nunes<\/div>\n<div style=\"text-align: center;\">a menina e a fonte &#8211; golden boys<\/div>\n<p>*Texto de Samuel Machado Filho<\/p>\n","protected":false},"excerpt":{"rendered":"<p>Ol\u00e1, amigos cultos, ocultos e associados! Prosseguindo o ciclo dedicado aos festivais, o TM nos oferece hoje um compacto duplo com quatro m\u00fasicas que concorreram no II Festival Universit\u00e1rio do Rio de Janeiro (ent\u00e3o estado da Guanabara), promovido pela TV &hellip; <a href=\"https:\/\/www.toque-musicall.com\/?p=5891\">Continue lendo <span class=\"meta-nav\">&rarr;<\/span><\/a><\/p>\n","protected":false},"author":1,"featured_media":0,"comment_status":"open","ping_status":"closed","sticky":false,"template":"","format":"standard","meta":{"footnotes":""},"categories":[937,896,278,107,86,783],"tags":[],"class_list":["post-5891","post","type-post","status-publish","format-standard","hentry","category-antonio-adolfo","category-clara-nunes","category-festivais","category-golden-boys","category-selo-odeon","category-taiguara"],"_links":{"self":[{"href":"https:\/\/www.toque-musicall.com\/index.php?rest_route=\/wp\/v2\/posts\/5891","targetHints":{"allow":["GET"]}}],"collection":[{"href":"https:\/\/www.toque-musicall.com\/index.php?rest_route=\/wp\/v2\/posts"}],"about":[{"href":"https:\/\/www.toque-musicall.com\/index.php?rest_route=\/wp\/v2\/types\/post"}],"author":[{"embeddable":true,"href":"https:\/\/www.toque-musicall.com\/index.php?rest_route=\/wp\/v2\/users\/1"}],"replies":[{"embeddable":true,"href":"https:\/\/www.toque-musicall.com\/index.php?rest_route=%2Fwp%2Fv2%2Fcomments&post=5891"}],"version-history":[{"count":2,"href":"https:\/\/www.toque-musicall.com\/index.php?rest_route=\/wp\/v2\/posts\/5891\/revisions"}],"predecessor-version":[{"id":5893,"href":"https:\/\/www.toque-musicall.com\/index.php?rest_route=\/wp\/v2\/posts\/5891\/revisions\/5893"}],"wp:attachment":[{"href":"https:\/\/www.toque-musicall.com\/index.php?rest_route=%2Fwp%2Fv2%2Fmedia&parent=5891"}],"wp:term":[{"taxonomy":"category","embeddable":true,"href":"https:\/\/www.toque-musicall.com\/index.php?rest_route=%2Fwp%2Fv2%2Fcategories&post=5891"},{"taxonomy":"post_tag","embeddable":true,"href":"https:\/\/www.toque-musicall.com\/index.php?rest_route=%2Fwp%2Fv2%2Ftags&post=5891"}],"curies":[{"name":"wp","href":"https:\/\/api.w.org\/{rel}","templated":true}]}}