{"id":5894,"date":"2016-12-08T09:26:41","date_gmt":"2016-12-08T11:26:41","guid":{"rendered":"http:\/\/www.toque-musicall.com\/?p=5894"},"modified":"2016-12-07T19:43:56","modified_gmt":"2016-12-07T21:43:56","slug":"v-festival-internacional-da-cancao-popular-rio-1970-2","status":"publish","type":"post","link":"https:\/\/www.toque-musicall.com\/?p=5894","title":{"rendered":"V Festival Internacional Da Can\u00e7\u00e3o Popular-Rio (1970)"},"content":{"rendered":"<p><img loading=\"lazy\" decoding=\"async\" class=\"aligncenter size-large\" src=\"https:\/\/4.bp.blogspot.com\/-I-zVamDPAM0\/WEh9-vgoYDI\/AAAAAAAANo0\/VRFwZdmxXQcca6ZqJvWRamA5ZuTTL2lVACLcB\/s640\/Festival%2BRio%2BP.JPG\" alt=\"\" width=\"640\" height=\"636\" \/><img loading=\"lazy\" decoding=\"async\" class=\"aligncenter size-large\" src=\"https:\/\/1.bp.blogspot.com\/-oUma-wH4eXY\/WEh-AFt7HMI\/AAAAAAAANo4\/KDVaZ74S7MYpwNuriQ4H9YodjKns36emACLcB\/s640\/Festival%2BRio%2BBp.JPG\" alt=\"\" width=\"640\" height=\"634\" \/><\/p>\n<div class=\"article-content entry-content\">\n<p>Prosseguindo o ciclo dos festivais de m\u00fasica, o TM apresenta hoje, a seus amigos cultos, ocultos e associados, o \u00e1lbum com as m\u00fasicas que concorreram na fase internacional do quinto FIC (Festival Internacional da Can\u00e7\u00e3o), promovido pela TV Globo em 1970. Lan\u00e7ado pela Polydor\/Philips, ele j\u00e1 havia sido apresentado aqui anteriormente, mas agora retorna com os links devidamente repostos. A faixa de abertura \u00e9 exatamente a que venceu a fase internacional, representando a Argentina: \u201cPedro Nadie\u201d, com Piero, que derrotou a concorrente brasileira, \u201cBR-3\u201d, de Ant\u00f4nio Adolfo e Tib\u00e9rio Gaspar, defendida por Tony Tornado e aqui na voz de Gerson Combo, uma vez que Tony era ent\u00e3o do elenco da Odeon. As demais concorrentes \u201cgringas\u201d n\u00e3o ficaram l\u00e1 muito conhecidas, mas o disco mesmo assim vale como documento. E vale tamb\u00e9m pela m\u00fasica que ficou em sexto lugar na fase nacional, mas agradou tanto que foi reapresentada no dia do encerramento do FIC: \u201cEu tamb\u00e9m quero mocot\u00f3\u201d, de Jorge Ben (atual Ben Jor), defendida por Erlon Chaves com sua Banda Veneno. Na grava\u00e7\u00e3o ele conta com o apoio do coro SAM (Sociedade Amigos do Mocot\u00f3), que tinha mais de 40 integrantes nas apresenta\u00e7\u00f5es ao vivo. Entretanto, ao encerrar sua apresenta\u00e7\u00e3o, na qual estava cercado de belas mulheres, Erlon provocou o maior esc\u00e2ndalo ao beijar uma linda loira, olhar para as c\u00e2meras e dizer que, com aquele gesto, estava beijando todas as brasileiras! Algo inadmiss\u00edvel\u00a0 para os valores morais ent\u00e3o vigentes, al\u00e9m do qu\u00ea era \u00e9poca de ditadura militar \u201cbraba\u201d. O resultado: Erlon Chaves saiu do Maracan\u00e3zinho algemado, e ainda proibido por 30 dias de exercer qualquer atividade art\u00edstico-musical! Nesse per\u00edodo, Erlon sumiu de cena e, ao retomar seu trabalho, voltou a ser apenas maestro e arranjador, at\u00e9 falecer, em 1974, de infarto fulminante. Enfim, o TM nos oferece hoje a alegria do reencontro, ao trazer<a href=\"https:\/\/www.blogger.com\/null\" name=\"_GoBack\"><\/a> este \u00e1lbum documentando a fase internacional do FIC de 1970. Afinal, todos merecem uma segunda chance&#8230;\u00a0.<\/p>\n<div><\/div>\n<div style=\"text-align: center;\">argentina &#8211; pedro nadie &#8211; pero<\/div>\n<div style=\"text-align: center;\">brasil &#8211; br-3 &#8211; gerson combo &amp; orquestra som bateau<\/div>\n<div style=\"text-align: center;\">su\u00e9cia &#8211; det ljuva livet &#8211; sylvie schneider<\/div>\n<div style=\"text-align: center;\">gr\u00e9cia &#8211; georges is sly &#8211; marinella<\/div>\n<div style=\"text-align: center;\">b\u00e9lgica &#8211; who can tell me my name &#8211; music machine<\/div>\n<div style=\"text-align: center;\">inglaterra &#8211; out of the darkness &#8211; vincent deal<\/div>\n<div style=\"text-align: center;\">the best man &#8211; rocky shahan<\/div>\n<div style=\"text-align: center;\">brasil &#8211; eu tamb\u00e9m quero mocot\u00f3 &#8211; s.a.m. &amp; banda veneno de erlon chaves<\/div>\n<div style=\"text-align: center;\">fran\u00e7a &#8211; et pourtant c&#8217;est vrai &#8211; michelle olivier<\/div>\n<div style=\"text-align: center;\">canad\u00e1 &#8211; put it off till september &#8211; les amis<\/div>\n<div style=\"text-align: center;\">m\u00f4naco &#8211; rire ou pleurer &#8211; michele torr<\/div>\n<div style=\"text-align: center;\">it\u00e1lia &#8211; tu non sei piu innamorato di me &#8211; diva paoli<\/div>\n<div style=\"text-align: center;\">espanha &#8211; elizabeth &#8211; nino bravo<\/div>\n<div style=\"text-align: center;\">holanda &#8211; just be you &#8211; rita heyes<\/div>\n<div><\/div>\n<div>\n<div>*Texto de Samuel Machado Filho<\/div>\n<\/div>\n<\/div>\n<div class=\"article-footer\"><\/div>\n","protected":false},"excerpt":{"rendered":"<p>Prosseguindo o ciclo dos festivais de m\u00fasica, o TM apresenta hoje, a seus amigos cultos, ocultos e associados, o \u00e1lbum com as m\u00fasicas que concorreram na fase internacional do quinto FIC (Festival Internacional da Can\u00e7\u00e3o), promovido pela TV Globo em &hellip; <a href=\"https:\/\/www.toque-musicall.com\/?p=5894\">Continue lendo <span class=\"meta-nav\">&rarr;<\/span><\/a><\/p>\n","protected":false},"author":1,"featured_media":0,"comment_status":"open","ping_status":"closed","sticky":false,"template":"","format":"standard","meta":{"footnotes":""},"categories":[278,48,1305],"tags":[],"class_list":["post-5894","post","type-post","status-publish","format-standard","hentry","category-festivais","category-selo-philips","category-v-festival-internacional-da-cancao-popular-rio-1970"],"_links":{"self":[{"href":"https:\/\/www.toque-musicall.com\/index.php?rest_route=\/wp\/v2\/posts\/5894","targetHints":{"allow":["GET"]}}],"collection":[{"href":"https:\/\/www.toque-musicall.com\/index.php?rest_route=\/wp\/v2\/posts"}],"about":[{"href":"https:\/\/www.toque-musicall.com\/index.php?rest_route=\/wp\/v2\/types\/post"}],"author":[{"embeddable":true,"href":"https:\/\/www.toque-musicall.com\/index.php?rest_route=\/wp\/v2\/users\/1"}],"replies":[{"embeddable":true,"href":"https:\/\/www.toque-musicall.com\/index.php?rest_route=%2Fwp%2Fv2%2Fcomments&post=5894"}],"version-history":[{"count":2,"href":"https:\/\/www.toque-musicall.com\/index.php?rest_route=\/wp\/v2\/posts\/5894\/revisions"}],"predecessor-version":[{"id":5896,"href":"https:\/\/www.toque-musicall.com\/index.php?rest_route=\/wp\/v2\/posts\/5894\/revisions\/5896"}],"wp:attachment":[{"href":"https:\/\/www.toque-musicall.com\/index.php?rest_route=%2Fwp%2Fv2%2Fmedia&parent=5894"}],"wp:term":[{"taxonomy":"category","embeddable":true,"href":"https:\/\/www.toque-musicall.com\/index.php?rest_route=%2Fwp%2Fv2%2Fcategories&post=5894"},{"taxonomy":"post_tag","embeddable":true,"href":"https:\/\/www.toque-musicall.com\/index.php?rest_route=%2Fwp%2Fv2%2Ftags&post=5894"}],"curies":[{"name":"wp","href":"https:\/\/api.w.org\/{rel}","templated":true}]}}