{"id":5899,"date":"2016-12-09T19:12:23","date_gmt":"2016-12-09T21:12:23","guid":{"rendered":"http:\/\/www.toque-musicall.com\/?p=5899"},"modified":"2016-12-12T10:53:42","modified_gmt":"2016-12-12T12:53:42","slug":"festival-da-viola-tv-tupi-1970","status":"publish","type":"post","link":"https:\/\/www.toque-musicall.com\/?p=5899","title":{"rendered":"Festival Da Viola &#8211; TV Tupi (1970)"},"content":{"rendered":"<p><img loading=\"lazy\" decoding=\"async\" class=\"aligncenter size-large\" src=\"https:\/\/3.bp.blogspot.com\/-vZZuwwTGX8w\/WExq9lM13HI\/AAAAAAAANpc\/Iokxgx5684U8R3p27od8F4K0732pCGB4wCLcB\/s640\/capap.JPG\" alt=\"\" width=\"639\" height=\"640\" \/><img loading=\"lazy\" decoding=\"async\" class=\"aligncenter size-large\" src=\"https:\/\/3.bp.blogspot.com\/-q__LiHcrlNU\/WExq-mZid9I\/AAAAAAAANpg\/j6I1nN-EJMQmESG4zQdHeqiCcLkbOjbKACLcB\/s640\/contrap.JPG\" alt=\"\" width=\"632\" height=\"640\" \/><\/p>\n<p>Os festivais de m\u00fasica que assolaram o pa\u00eds nas d\u00e9cadas de 1960\/70 tiveram, predominantemente, a participa\u00e7\u00e3o de compositores urbanos, ou seja, nascidos e criados em cidades de grande porte. Um belo dia, Fernando Faro,\u00a0 o \u201cBaixo\u201d, produtor de programas musicais que marcaram \u00e9poca na televis\u00e3o brasileira, e ent\u00e3o trabalhando na extinta Tupi de S\u00e3o Paulo, teve a feliz ideia de organizar um festival de m\u00fasica sertaneja (ou de inspira\u00e7\u00e3o sertaneja), objetivando colocar esse tipo de m\u00fasica no mesmo n\u00edvel e import\u00e2ncia da MPB urbana, al\u00e9m de despertar o interesse dos compositores dessa faixa para os ritmos ditos caipiras ou sertanejos. Foi assim que nasceu o Festival da Viola, com a devida colabora\u00e7\u00e3o de Magno Salerno, outro experiente membro da equipe de produ\u00e7\u00e3o da Tupi nesses tempos, e do apresentador Geraldo Meirelles, cognominado \u201co marechal da m\u00fasica sertaneja\u201d. O certame obteve grande repercuss\u00e3o na capital paulista, e a Tupi recebeu muitas cartas e telegramas cumprimentando os organizadores do festival pela iniciativa. As r\u00e1dios paulistanas executaram bem as finalistas do certame, que eram at\u00e9 cantaroladas pelo povo nas ruas. Sendo assim, o Toque Musical prossegue sua retrospectiva \u201cfestivalesca\u201d oferecendo hoje, a seus amigos cultos e associados, o \u00e1lbum com as doze m\u00fasicas apresentadas na final\u00edssima do Festival da Viola da extinta TV Tupi, editado em 1970 pela Copacabana, com o selo Sabi\u00e1. Pelo que pude apurar, a m\u00fasica que venceu o certame foi \u201c\u00c0 minha moda\u201d, de Rolando Boldrin, o atual \u201cSenhor Brasil\u201d, defendida por ele em companhia da ent\u00e3o esposa Lurdinha Pereira. Esta m\u00fasica, evidentemente, consta de nosso \u00e1lbum de hoje, por\u00e9m na interpreta\u00e7\u00e3o de Non\u00f4 (Bas\u00edlio) e Nan\u00e1. O pr\u00f3prio Non\u00f4, como autor, teve outras duas m\u00fasicas classificadas para a final do festival: \u201cA viola e a carabina\u201d (que ele tamb\u00e9m canta com Nan\u00e1 neste disco, sendo inclusive a faixa de abertura) e \u201cDevo\u00e7\u00e3o\u201d, aqui interpretada pelos sempre afinad\u00edssimos Titulares do Ritmo. Merece destaque tamb\u00e9m a presen\u00e7a, entre os int\u00e9rpretes, de nomes queridos do cen\u00e1rio sertanejo de ent\u00e3o, como Dino Franco e a dupla Criolo e Seresteiro. Letinho, que assina \u201cCarro velho\u201d em parceria com Criolo e Pedro Sabino de Oliveira, trocou mais tarde seu nome art\u00edstico, passando a ser conhecido como Ronaldo Adriano. Os Titulares do Ritmo ainda interpretam, neste \u00e1lbum, \u201cDa lua, da rua, do viol\u00e3o\u201d, curiosamente assinada por Ant\u00f4nio Marcos, cantor de grande popularidade na \u00e9poca, mas que teve sua carreira destru\u00edda pelo alcoolismo, em parceria com o maestro Jos\u00e9 Briamonte. Outro \u00eddolo popular dessa \u00e9poca, o cantor Paulo S\u00e9rgio, assina outras duas m\u00fasicas, aqui interpretadas pelo mestre Dino Franco: \u201c\u00c9 hoje que a terra treme\u201d (parceria com Tony Gomide) e \u201cA boiada\u201d (com Alcino de Freitas). Enfim, um esfor\u00e7o que valeu a pena, e hoje \u00e9 um verdadeiro documento hist\u00f3rico. \u00c9 tamb\u00e9m uma oportunidade, para o p\u00fablico de hoje, de conhecer um pouco do que se fazia nessa \u00e9poca em mat\u00e9ria de aut\u00eantica m\u00fasica sertaneja, que, como voc\u00eas facilmente perceber\u00e3o, nada tem a ver com o estilo dito \u201cuniversit\u00e1rio\u201d, que tanto infesta a m\u00eddia nos dias que correm. \u00ca trem b\u00e3o&#8230;<\/p>\n<p style=\"text-align: center;\">a viola e a carabina &#8211; nono e nana<\/p>\n<p style=\"text-align: center;\">a saudade continua &#8211; marac\u00e1, dorinho e nardeli<\/p>\n<p style=\"text-align: center;\">desafio &#8211; trio maraya<\/p>\n<p style=\"text-align: center;\">carro velho &#8211; criolo e seresteiro<\/p>\n<p style=\"text-align: center;\">\u00e9 hoje que a terra treme &#8211; dino franco<\/p>\n<p style=\"text-align: center;\">da lua, da rua, do viol\u00e3o &#8211; titulares do ritmo<\/p>\n<p style=\"text-align: center;\">a minha moda &#8211; nono e nana<\/p>\n<p style=\"text-align: center;\">o caboclo tamb\u00e9m tem \u00e9tica &#8211; altemir e altemar<\/p>\n<p style=\"text-align: center;\">devo\u00e7\u00e3o &#8211; titulares do ritmo<\/p>\n<p style=\"text-align: center;\">passarela &#8211; itaity e embalo 5<\/p>\n<p style=\"text-align: center;\">carreteiro da esperan\u00e7a &#8211; marac\u00e1, dorinho e nardeli<\/p>\n<p style=\"text-align: center;\">a boiada &#8211; dino franco<\/p>\n<p>*Texto de Samuel Machado Filho<\/p>\n","protected":false},"excerpt":{"rendered":"<p>Os festivais de m\u00fasica que assolaram o pa\u00eds nas d\u00e9cadas de 1960\/70 tiveram, predominantemente, a participa\u00e7\u00e3o de compositores urbanos, ou seja, nascidos e criados em cidades de grande porte. Um belo dia, Fernando Faro,\u00a0 o \u201cBaixo\u201d, produtor de programas musicais &hellip; <a href=\"https:\/\/www.toque-musicall.com\/?p=5899\">Continue lendo <span class=\"meta-nav\">&rarr;<\/span><\/a><\/p>\n","protected":false},"author":1,"featured_media":0,"comment_status":"open","ping_status":"closed","sticky":false,"template":"","format":"standard","meta":{"footnotes":""},"categories":[278,2837,844,308,949],"tags":[],"class_list":["post-5899","post","type-post","status-publish","format-standard","hentry","category-festivais","category-festival-da-viola-tv-tupi","category-selo-sabia","category-titulares-do-ritmo","category-trio-maraya"],"_links":{"self":[{"href":"https:\/\/www.toque-musicall.com\/index.php?rest_route=\/wp\/v2\/posts\/5899","targetHints":{"allow":["GET"]}}],"collection":[{"href":"https:\/\/www.toque-musicall.com\/index.php?rest_route=\/wp\/v2\/posts"}],"about":[{"href":"https:\/\/www.toque-musicall.com\/index.php?rest_route=\/wp\/v2\/types\/post"}],"author":[{"embeddable":true,"href":"https:\/\/www.toque-musicall.com\/index.php?rest_route=\/wp\/v2\/users\/1"}],"replies":[{"embeddable":true,"href":"https:\/\/www.toque-musicall.com\/index.php?rest_route=%2Fwp%2Fv2%2Fcomments&post=5899"}],"version-history":[{"count":1,"href":"https:\/\/www.toque-musicall.com\/index.php?rest_route=\/wp\/v2\/posts\/5899\/revisions"}],"predecessor-version":[{"id":5900,"href":"https:\/\/www.toque-musicall.com\/index.php?rest_route=\/wp\/v2\/posts\/5899\/revisions\/5900"}],"wp:attachment":[{"href":"https:\/\/www.toque-musicall.com\/index.php?rest_route=%2Fwp%2Fv2%2Fmedia&parent=5899"}],"wp:term":[{"taxonomy":"category","embeddable":true,"href":"https:\/\/www.toque-musicall.com\/index.php?rest_route=%2Fwp%2Fv2%2Fcategories&post=5899"},{"taxonomy":"post_tag","embeddable":true,"href":"https:\/\/www.toque-musicall.com\/index.php?rest_route=%2Fwp%2Fv2%2Ftags&post=5899"}],"curies":[{"name":"wp","href":"https:\/\/api.w.org\/{rel}","templated":true}]}}