{"id":5901,"date":"2016-12-10T10:46:52","date_gmt":"2016-12-10T12:46:52","guid":{"rendered":"http:\/\/www.toque-musicall.com\/?p=5901"},"modified":"2016-12-12T10:52:27","modified_gmt":"2016-12-12T12:52:27","slug":"som-verde-i-festival-som-verde-da-musica-sertaneja-1982","status":"publish","type":"post","link":"https:\/\/www.toque-musicall.com\/?p=5901","title":{"rendered":"Som Verde &#8211; I Festival Som Verde Da M\u00fasica Sertaneja (1982)"},"content":{"rendered":"<p><img loading=\"lazy\" decoding=\"async\" class=\"aligncenter size-large\" src=\"https:\/\/2.bp.blogspot.com\/-SUgIuxqbSug\/WE4ETefLCqI\/AAAAAAAANp0\/-ymfr03bLaQ87WYKr4WexC1Mo8MnnbM3wCLcB\/s640\/capap.JPG\" alt=\"\" width=\"640\" height=\"638\" \/><img loading=\"lazy\" decoding=\"async\" class=\"aligncenter size-large\" src=\"https:\/\/1.bp.blogspot.com\/-eAKnNXonQMM\/WE4E5ISnLSI\/AAAAAAAANp4\/kszaiiqrNRQ5BbNk_4Q2OMqb8mKQj9F7gCLcB\/s640\/som%2Bverde%2Bbp.JPG\" alt=\"\" width=\"640\" height=\"630\" \/><\/p>\n<p>O Toque Musical prossegue sua retrospectiva dedicada aos festivais apresentando desta vez o \u00e1lbum com as doze finalistas de um certame de \u00e2mbito regional. Trata-se do I Festival Som Verde de M\u00fasica Sertaneja, realizado em 1982 com promo\u00e7\u00e3o da R\u00e1dio Guarani Onda Rural, de Belo Horizonte, capital de Minas Gerais. A Guarani pertencia ao grupo Di\u00e1rios Associados e encerrou suas atividades por conta da venda de seus prefixos para igrejas evang\u00e9licas. Nessa mesma \u00e9poca, havia tamb\u00e9m o festival de m\u00fasica sertaneja da R\u00e1dio Record de S\u00e3o Paulo, que por certo motivou a Guarani a fazer algo semelhante em Minas. E com um patrocinador de prest\u00edgio: a Monark, fabricante de bicicletas, ainda hoje existente, embora sem a mesma participa\u00e7\u00e3o de mercado que tinha na \u00e9poca. Al\u00e9m do imprescind\u00edvel apoio da Secretaria de Agricultura mineira. O objetivo, conforme explica a contracapa do disco, era o de revelar novos cantores e compositores sertanejos. Foram sete eliminat\u00f3rias e 84 m\u00fasicas concorrentes. Doze delas foram para a final do certame, acontecida no Pavilh\u00e3o de Exposi\u00e7\u00f5es da Gameleira, em Belo Horizonte, que registrou um p\u00fablico de 25 mil pessoas presentes. E s\u00e3o justamente essas m\u00fasicas finalistas que comp\u00f5em o \u00e1lbum que o TM hoje oferece a seus amigos cultos, ocultos e associados.\u00a0 Gravado em Belo Horizonte mesmo, o disco saiu pela Continental (selo Chantecler), uma das gravadoras que mais investiam em m\u00fasica sertaneja na \u00e9poca, ao lado da extinta Copacabana. A \u00fanica coisa que a contracapa n\u00e3o diz \u00e9 qual foi a m\u00fasica vencedora. Como voc\u00eas perceber\u00e3o, as m\u00fasicas s\u00e3o interpretadas por duplas e trios oriundos de Minas mesmo, que certamente n\u00e3o ficaram conhecidos a n\u00edvel nacional. Mas o esfor\u00e7o de ouvir este disco vale a pena, e muito, pois s\u00e3o trabalhos de primeir\u00edssima qualidade, mostrando a mais aut\u00eantica m\u00fasica sertaneja brasileira. Um \u00e1lbum que o TM oferece com a satisfa\u00e7\u00e3o de sempre, e que ser\u00e1 uma grata surpresa para todos que o baixarem e ouvirem. \u00c9 s\u00f3 conferir&#8230;<\/p>\n<p style=\"text-align: center;\">meu boi carreiro &#8211;<\/p>\n<p style=\"text-align: center;\">recanto sertanejo &#8211; roninho e ronei<\/p>\n<p style=\"text-align: center;\">z\u00e9 boiadeiro &#8211; caturana e flor da noite<\/p>\n<p style=\"text-align: center;\">assim \u00e9 o meu sert\u00e3o &#8211; os can\u00e1rios do sert\u00e3o<\/p>\n<p style=\"text-align: center;\">carregando a minha cruz &#8211; matilde e manda brasa<\/p>\n<p style=\"text-align: center;\">cantiga do sertanejo &#8211; jaquelane e ibram<\/p>\n<p style=\"text-align: center;\">casas de barro &#8211; dudu e zez\u00e9<\/p>\n<p style=\"text-align: center;\">saudosa musa &#8211; mastro e maestro<\/p>\n<p style=\"text-align: center;\">tempo de boiadeiro &#8211;<\/p>\n<p style=\"text-align: center;\">tristeza de um carreiro &#8211; arcanjo e no\u00e9<\/p>\n<p>*Texto de Samuel Machado Filho<\/p>\n","protected":false},"excerpt":{"rendered":"<p>O Toque Musical prossegue sua retrospectiva dedicada aos festivais apresentando desta vez o \u00e1lbum com as doze finalistas de um certame de \u00e2mbito regional. Trata-se do I Festival Som Verde de M\u00fasica Sertaneja, realizado em 1982 com promo\u00e7\u00e3o da R\u00e1dio &hellip; <a href=\"https:\/\/www.toque-musicall.com\/?p=5901\">Continue lendo <span class=\"meta-nav\">&rarr;<\/span><\/a><\/p>\n","protected":false},"author":1,"featured_media":0,"comment_status":"open","ping_status":"closed","sticky":false,"template":"","format":"standard","meta":{"footnotes":""},"categories":[278,2838,217],"tags":[],"class_list":["post-5901","post","type-post","status-publish","format-standard","hentry","category-festivais","category-i-festival-som-verde-da-musica-sertaneja","category-selo-chantecler"],"_links":{"self":[{"href":"https:\/\/www.toque-musicall.com\/index.php?rest_route=\/wp\/v2\/posts\/5901","targetHints":{"allow":["GET"]}}],"collection":[{"href":"https:\/\/www.toque-musicall.com\/index.php?rest_route=\/wp\/v2\/posts"}],"about":[{"href":"https:\/\/www.toque-musicall.com\/index.php?rest_route=\/wp\/v2\/types\/post"}],"author":[{"embeddable":true,"href":"https:\/\/www.toque-musicall.com\/index.php?rest_route=\/wp\/v2\/users\/1"}],"replies":[{"embeddable":true,"href":"https:\/\/www.toque-musicall.com\/index.php?rest_route=%2Fwp%2Fv2%2Fcomments&post=5901"}],"version-history":[{"count":1,"href":"https:\/\/www.toque-musicall.com\/index.php?rest_route=\/wp\/v2\/posts\/5901\/revisions"}],"predecessor-version":[{"id":5902,"href":"https:\/\/www.toque-musicall.com\/index.php?rest_route=\/wp\/v2\/posts\/5901\/revisions\/5902"}],"wp:attachment":[{"href":"https:\/\/www.toque-musicall.com\/index.php?rest_route=%2Fwp%2Fv2%2Fmedia&parent=5901"}],"wp:term":[{"taxonomy":"category","embeddable":true,"href":"https:\/\/www.toque-musicall.com\/index.php?rest_route=%2Fwp%2Fv2%2Fcategories&post=5901"},{"taxonomy":"post_tag","embeddable":true,"href":"https:\/\/www.toque-musicall.com\/index.php?rest_route=%2Fwp%2Fv2%2Ftags&post=5901"}],"curies":[{"name":"wp","href":"https:\/\/api.w.org\/{rel}","templated":true}]}}