{"id":5904,"date":"2016-12-12T23:11:18","date_gmt":"2016-12-13T01:11:18","guid":{"rendered":"http:\/\/www.toque-musicall.com\/?p=5904"},"modified":"2016-12-13T23:15:02","modified_gmt":"2016-12-14T01:15:02","slug":"festival-da-feira-da-vila-madalena-1980","status":"publish","type":"post","link":"https:\/\/www.toque-musicall.com\/?p=5904","title":{"rendered":"Festival Da Feira Da Vila Madalena (1980)"},"content":{"rendered":"<p><img loading=\"lazy\" decoding=\"async\" class=\"aligncenter size-large\" src=\"https:\/\/2.bp.blogspot.com\/-L6dTxgYQHPM\/WFCY8w7avMI\/AAAAAAAANqQ\/K4iXdWxZOrM5rxMw3BgUn3Ywp_IJ_tQ3ACLcB\/s640\/capap.JPG\" width=\"640\" height=\"638\" \/><img loading=\"lazy\" decoding=\"async\" class=\"aligncenter size-large\" src=\"https:\/\/3.bp.blogspot.com\/-Rsz7mlaE0D0\/WFCY9bY5DoI\/AAAAAAAANqU\/M6xq_HJA7zckNz94Eod7xZaHRK1WTO8tACLcB\/s640\/contracapap.JPG\" width=\"640\" height=\"640\" \/><\/p>\n<p>Originalmente denominada Vila dos Farrapos, a Vila Madalena \u00e9 um bairro nobre da cidade de S\u00e3o Paulo, situado no subdistrito de Pinheiros. Ficou bastante conhecida por ser um reduto bo\u00eamio da capital paulista, desde o in\u00edcio dos anos 1970, quando estudantes de pouco dinheiro passaram a ali residir, por causa da proximidade \u00e0 Universidade de S\u00e3o Paulo (USP) e \u00e0 Pontif\u00edcia Universidade Cat\u00f3lica (PUC).\u00a0 Na Vila Madalena, concentram-se in\u00fameros bares e casas noturnas, e l\u00e1 tamb\u00e9m fica a Escola de Samba P\u00e9rola Negra. H\u00e1 tamb\u00e9m ateli\u00eas, centros de exposi\u00e7\u00f5es art\u00edsticas, lojas de vanguarda e escolas de m\u00fasica e teatro. O bairro at\u00e9 virou telenovela, exibida pela Globo no final dos anos 1990. A associa\u00e7\u00e3o de moradores da Vila Madalena organiza feiras para mostrar os talentos art\u00edsticos do bairro, e um festival anual, conhecido como Feira da Vila, que atrai gente de toda S\u00e3o Paulo, com shows e barracas de artesanato. Sua primeira edi\u00e7\u00e3o aconteceu em 1977, na Rua Girassol, e o evento j\u00e1 faz parte do calend\u00e1rio \u00a0oficial da capital paulista. Sendo assim, o Toque Musical prossegue seu ciclo dedicado aos festivais oferecendo a seus amigos cultos, ocultos e associados um \u00e1lbum raro. O disco p\u00f5e em foco a edi\u00e7\u00e3o de 1980 do Festival da Feira da Vila Madalena, e foi lan\u00e7ado em 1980 pela Continental.\u00a0 No repert\u00f3rio, est\u00e3o doze das concorrentes do certame, inclusive a vencedora, \u201cTem Maria\u201d, composta e interpretada por\u00a0 Jorge Matheus. A vice-campe\u00e3 foi \u201cImproviso nordestino\u201d, de e com Celso Machado, baseada em um arranjo do cl\u00e1ssico \u201cJuazeiro\u201d, de Luiz Gonzaga e Humberto Teixeira.\u00a0 A terceira colocada, e que por certo ficou mais conhecida, foi \u201cN\u00eago Dito\u201d (\u201cMeu nome \u00e9 N\u00eago Dito Jo\u00e3o dos Santos Silva Beleleu\u201d&#8230;), composta e interpretada por Itamar Assump\u00e7\u00e3o (Tiet\u00ea, SP, 13\/9\/1949-S\u00e3o Paulo, 12\/6\/2003), um dos \u00edcones da m\u00fasica de vanguarda paulistana. Houve ainda men\u00e7\u00e3o honrosa para \u201cCool jazz\u201d, de Cac\u00e1 Mendes, com ele e L\u00facia Nagib. Merece tamb\u00e9m destaque as participa\u00e7\u00f5es de Celito Esp\u00edndola, irm\u00e3o das cantoras Tet\u00ea e Alzira Esp\u00edndola, interpretando seu \u201cCora\u00e7\u00e3o solit\u00e1rio\u201d, e do futuro integrante da banda de rock Tit\u00e3s, Paulo Miklos, com \u201cDesenho\u201d, feita por ele em parceria com Arnaldo Antunes, que seria a figura de proa do grupo em seus primeiros anos. Em suma, um \u00e1lbum que documenta o que foi o Festival da Feira Livre da Vila Madalena de 1980, e com o qual o TM tamb\u00e9m homenageia esse bairro que vem se destacando como importante reduto s\u00f3cio-cultural da capital paulista. \u00c9 s\u00f3 conferir.<\/p>\n<p style=\"text-align: center;\">n\u00eago dito &#8211; itamar assump\u00e7\u00e3o<\/p>\n<p style=\"text-align: center;\">improviso nordestino &#8211; celso machado<\/p>\n<p style=\"text-align: center;\">tem maria &#8211; jorge matheus<\/p>\n<p style=\"text-align: center;\">desenho &#8211; paulo miklos<\/p>\n<p style=\"text-align: center;\">cora\u00e7\u00e3o solit\u00e1rio &#8211; celito esp\u00edndola<\/p>\n<p style=\"text-align: center;\">samba daqui &#8211; ricardo villas boas<\/p>\n<p style=\"text-align: center;\">o cheiro da beterraba &#8211; os camar\u00f5es<\/p>\n<p style=\"text-align: center;\">cool jazz &#8211; cac\u00e1 mendes e lucia nagib<\/p>\n<p style=\"text-align: center;\">recome\u00e7o &#8211; tuim<\/p>\n<p style=\"text-align: center;\">corujas da noite &#8211; rubens dultra e silvio piesco<\/p>\n<p style=\"text-align: center;\">gabriela &#8211; conjunto nosso som<\/p>\n<p style=\"text-align: center;\">menino doido &#8211; grupo arer\u00ea<\/p>\n<p>&nbsp;<\/p>\n<p>&nbsp;<\/p>\n<p>*Texto de Samuel Machado Filho<\/p>\n","protected":false},"excerpt":{"rendered":"<p>Originalmente denominada Vila dos Farrapos, a Vila Madalena \u00e9 um bairro nobre da cidade de S\u00e3o Paulo, situado no subdistrito de Pinheiros. Ficou bastante conhecida por ser um reduto bo\u00eamio da capital paulista, desde o in\u00edcio dos anos 1970, quando &hellip; <a href=\"https:\/\/www.toque-musicall.com\/?p=5904\">Continue lendo <span class=\"meta-nav\">&rarr;<\/span><\/a><\/p>\n","protected":false},"author":1,"featured_media":0,"comment_status":"open","ping_status":"closed","sticky":false,"template":"","format":"standard","meta":{"footnotes":""},"categories":[278,2839,40],"tags":[],"class_list":["post-5904","post","type-post","status-publish","format-standard","hentry","category-festivais","category-festival-da-feira-da-vila-madalena","category-selo-continental"],"_links":{"self":[{"href":"https:\/\/www.toque-musicall.com\/index.php?rest_route=\/wp\/v2\/posts\/5904","targetHints":{"allow":["GET"]}}],"collection":[{"href":"https:\/\/www.toque-musicall.com\/index.php?rest_route=\/wp\/v2\/posts"}],"about":[{"href":"https:\/\/www.toque-musicall.com\/index.php?rest_route=\/wp\/v2\/types\/post"}],"author":[{"embeddable":true,"href":"https:\/\/www.toque-musicall.com\/index.php?rest_route=\/wp\/v2\/users\/1"}],"replies":[{"embeddable":true,"href":"https:\/\/www.toque-musicall.com\/index.php?rest_route=%2Fwp%2Fv2%2Fcomments&post=5904"}],"version-history":[{"count":1,"href":"https:\/\/www.toque-musicall.com\/index.php?rest_route=\/wp\/v2\/posts\/5904\/revisions"}],"predecessor-version":[{"id":5905,"href":"https:\/\/www.toque-musicall.com\/index.php?rest_route=\/wp\/v2\/posts\/5904\/revisions\/5905"}],"wp:attachment":[{"href":"https:\/\/www.toque-musicall.com\/index.php?rest_route=%2Fwp%2Fv2%2Fmedia&parent=5904"}],"wp:term":[{"taxonomy":"category","embeddable":true,"href":"https:\/\/www.toque-musicall.com\/index.php?rest_route=%2Fwp%2Fv2%2Fcategories&post=5904"},{"taxonomy":"post_tag","embeddable":true,"href":"https:\/\/www.toque-musicall.com\/index.php?rest_route=%2Fwp%2Fv2%2Ftags&post=5904"}],"curies":[{"name":"wp","href":"https:\/\/api.w.org\/{rel}","templated":true}]}}