{"id":5909,"date":"2016-12-13T22:11:12","date_gmt":"2016-12-14T00:11:12","guid":{"rendered":"http:\/\/www.toque-musicall.com\/?p=5909"},"modified":"2016-12-15T22:14:42","modified_gmt":"2016-12-16T00:14:42","slug":"i-festival-universitario-de-mpb-1979","status":"publish","type":"post","link":"https:\/\/www.toque-musicall.com\/?p=5909","title":{"rendered":"I Festival Universit\u00e1rio de MPB (1979)"},"content":{"rendered":"<p><img loading=\"lazy\" decoding=\"async\" class=\"aligncenter size-large\" src=\"https:\/\/4.bp.blogspot.com\/-hp6ueWNMdgk\/WFMuWp0oK3I\/AAAAAAAANqo\/SLizM8aA-9IZTQZoRWlNY0H9rjWLNlIvwCLcB\/s640\/capap.JPG\" width=\"636\" height=\"640\" \/><img loading=\"lazy\" decoding=\"async\" class=\"aligncenter size-large\" src=\"https:\/\/3.bp.blogspot.com\/-UcueunMtWfo\/WFMuXCn43mI\/AAAAAAAANqs\/vLPACMIh70kpJKImtFrBF9i-sGt5kF0sQCLcB\/s640\/contrap.JPG\" width=\"633\" height=\"640\" \/><\/p>\n<p>E prossegue a retrospectiva \u201cfestivalesca\u201d do nosso Toque Musical. Desta vez, oferecemos hoje a nossos mui queridos amigos cultos, ocultos e associados o \u00e1lbum que documenta o I Festival Universit\u00e1rio de MPB, promovido em 1979 pela TV Cultura de S\u00e3o Paulo, emissora estatal educativa que sempre se destacou pela qualidade de sua programa\u00e7\u00e3o mas que, infelizmente, nos \u00faltimos tempos, vem sofrendo com sucessivos cortes de verbas por parte do governo do estado, e recentemente at\u00e9 enfrentou uma greve de funcion\u00e1rios. O certame constituiu-se na primeira experi\u00eancia da Cultura em mat\u00e9ria de festivais competitivos. Realizado no Teatro Pixinguinha, hoje SESC Consola\u00e7\u00e3o, teve tr\u00eas eliminat\u00f3rias, em 30 de abril, e nos dias 7 e 14 de maio, tendo a final acontecido no dia 21 desse m\u00eas. Como voc\u00eas poder\u00e3o conferir na contracapa, o j\u00fari que escolheu as finalistas era pra ningu\u00e9m botar defeito, com nomes ligados \u00e0 MPB (Marcus Vin\u00edcius, Ala\u00edde Costa, Tom Z\u00e9) e \u00e0 cr\u00edtica musical (Maur\u00edcio Kubrusly, Chico de Assis, Adones de Oliveira, Renato de Moraes&#8230;). Enfim, gente especializada na mat\u00e9ria. O que, de certa maneira, contribuiu para o excelente resultado do certame a n\u00edvel cultural e art\u00edstico. A faixa que abre este \u00e1lbum da Continental \u00e9 justamente a primeira colocada: \u201cDivers\u00f5es eletr\u00f4nicas\u201d, com o paranaense Arrigo Barnab\u00e9, mais tarde importante nome de vanguarda na MPB, j\u00e1 pintando e bordando (ele concorreu ainda com \u201cInfort\u00fanio\u201d, tamb\u00e9m presente neste disco).\u00a0 Muitos anos mais tarde, Arrigo passou tamb\u00e9m a ser radialista, apresentando o programa \u201cSupert\u00f4nica\u201d, na R\u00e1dio Cultura paulistana. A vice-campe\u00e3, \u201cBrigando na lua\u201d, de e com Biafra, contou com o respeit\u00e1vel acompanhamento do grupo Premeditando o Breque, que tamb\u00e9m marcaria \u00e9poca no cen\u00e1rio musical paulistano, conhecido apenas por Prem\u00ea.\u00a0 Eliana Estev\u00e3o defendeu a terceira colocada, \u201cMeu grande amor suicida\u201d, e ainda levou o pr\u00eamio de melhor int\u00e9rprete profissional.\u00a0 O quarto lugar foi de \u201cGl\u00f3ria\u201d, de e com Renato Lemos (que tamb\u00e9m apresentou \u201cCoral dos gemedores\u201d, outra faixa do presente LP), e o quinto foi para \u201cBoneca de pano\u201d, interpretada por Jos\u00e9 Carlos Ramos, laureado com o pr\u00eamio de melhor int\u00e9rprete amador (ele ainda defenderia \u201cCarruagens de cristal\u201d, que encerra o disco). Tudo isso e muito mais d\u00e1 a este \u00e1lbum hoje oferecido pelo TM status de aut\u00eantico documento art\u00edstico e cultural, dando chance a ent\u00e3o novos valores que ent\u00e3o despontavam em nosso cen\u00e1rio musical. Se n\u00e3o, confiram. \u00c9 s\u00f3 baixar e ouvir.<\/p>\n<p style=\"text-align: center;\">divers\u00f5es eletr\u00f4nicas &#8211; arrigo barnab\u00e9 e grupo<\/p>\n<p style=\"text-align: center;\">brigando na lua &#8211; biafra<\/p>\n<p style=\"text-align: center;\">meu grande amor suicida &#8211; eliana estev\u00e3o<\/p>\n<p style=\"text-align: center;\">gl\u00f3ria &#8211; renato lemos<\/p>\n<p style=\"text-align: center;\">boneca de pano &#8211; jos\u00e9 carlos ramos<\/p>\n<p style=\"text-align: center;\">a turma do cometa &#8211; a banda dos aflitos<\/p>\n<p style=\"text-align: center;\">dia a dia &#8211; celso vi\u00e1fora<\/p>\n<p style=\"text-align: center;\">a malha\u00e7\u00e3o &#8211; irene portela<\/p>\n<p style=\"text-align: center;\">amigo &#8211; julius m castilho<\/p>\n<p style=\"text-align: center;\">infortunio &#8211; arrigo barnab\u00e9 e grupo<\/p>\n<p style=\"text-align: center;\">coral dos gemedores &#8211; renato lemos<\/p>\n<p style=\"text-align: center;\">carruagem de cristal &#8211; jos\u00e9 carlos ramos<\/p>\n<p>*Texto de Samuel Machado Filho<\/p>\n","protected":false},"excerpt":{"rendered":"<p>E prossegue a retrospectiva \u201cfestivalesca\u201d do nosso Toque Musical. Desta vez, oferecemos hoje a nossos mui queridos amigos cultos, ocultos e associados o \u00e1lbum que documenta o I Festival Universit\u00e1rio de MPB, promovido em 1979 pela TV Cultura de S\u00e3o &hellip; <a href=\"https:\/\/www.toque-musicall.com\/?p=5909\">Continue lendo <span class=\"meta-nav\">&rarr;<\/span><\/a><\/p>\n","protected":false},"author":1,"featured_media":0,"comment_status":"open","ping_status":"closed","sticky":false,"template":"","format":"standard","meta":{"footnotes":""},"categories":[278,2840,40],"tags":[],"class_list":["post-5909","post","type-post","status-publish","format-standard","hentry","category-festivais","category-i-festival-universitario-de-mpb-da-tv-cultura","category-selo-continental"],"_links":{"self":[{"href":"https:\/\/www.toque-musicall.com\/index.php?rest_route=\/wp\/v2\/posts\/5909","targetHints":{"allow":["GET"]}}],"collection":[{"href":"https:\/\/www.toque-musicall.com\/index.php?rest_route=\/wp\/v2\/posts"}],"about":[{"href":"https:\/\/www.toque-musicall.com\/index.php?rest_route=\/wp\/v2\/types\/post"}],"author":[{"embeddable":true,"href":"https:\/\/www.toque-musicall.com\/index.php?rest_route=\/wp\/v2\/users\/1"}],"replies":[{"embeddable":true,"href":"https:\/\/www.toque-musicall.com\/index.php?rest_route=%2Fwp%2Fv2%2Fcomments&post=5909"}],"version-history":[{"count":1,"href":"https:\/\/www.toque-musicall.com\/index.php?rest_route=\/wp\/v2\/posts\/5909\/revisions"}],"predecessor-version":[{"id":5910,"href":"https:\/\/www.toque-musicall.com\/index.php?rest_route=\/wp\/v2\/posts\/5909\/revisions\/5910"}],"wp:attachment":[{"href":"https:\/\/www.toque-musicall.com\/index.php?rest_route=%2Fwp%2Fv2%2Fmedia&parent=5909"}],"wp:term":[{"taxonomy":"category","embeddable":true,"href":"https:\/\/www.toque-musicall.com\/index.php?rest_route=%2Fwp%2Fv2%2Fcategories&post=5909"},{"taxonomy":"post_tag","embeddable":true,"href":"https:\/\/www.toque-musicall.com\/index.php?rest_route=%2Fwp%2Fv2%2Ftags&post=5909"}],"curies":[{"name":"wp","href":"https:\/\/api.w.org\/{rel}","templated":true}]}}