{"id":5911,"date":"2016-12-14T20:16:50","date_gmt":"2016-12-14T22:16:50","guid":{"rendered":"http:\/\/www.toque-musicall.com\/?p=5911"},"modified":"2016-12-18T20:20:00","modified_gmt":"2016-12-18T22:20:00","slug":"iii-festival-bancario-de-mpb-1980","status":"publish","type":"post","link":"https:\/\/www.toque-musicall.com\/?p=5911","title":{"rendered":"III Festival Banc\u00e1rio De MPB (1980)"},"content":{"rendered":"<p><img loading=\"lazy\" decoding=\"async\" class=\"aligncenter size-large\" src=\"https:\/\/1.bp.blogspot.com\/-ojGwD_U9-_0\/WFcJjtml_CI\/AAAAAAAANrA\/GHy5cGzJlW43ib3euhbIFvuVMlaQbGv2QCLcB\/s640\/capap.JPG\" width=\"631\" height=\"640\" \/><img loading=\"lazy\" decoding=\"async\" class=\"aligncenter size-large\" src=\"https:\/\/1.bp.blogspot.com\/-cOPrm9asHac\/WFcJjH_nQWI\/AAAAAAAANq8\/S7L5Y-Z7QycUSxW0cNg3BrpOF8xYe8pYACLcB\/s640\/contrap.JPG\" width=\"625\" height=\"640\" \/><\/p>\n<p>Em seu livro \u201cA era dos festivais \u2013 Uma par\u00e1bola\u201d, o pesquisador Zuza Homem de Mello informa que a mesma terminou em 1972, com o s\u00e9timo e \u00faltimo FIC (Festival Internacional da Can\u00e7\u00e3o), promovido no Rio de Janeiro pela TV Globo, ap\u00f3s o qu\u00ea foram realizados outros eventos esparsos do g\u00eanero, relacionados ao final do livro. A verdade, por\u00e9m, \u00e9 que festivais de m\u00fasica jamais deixaram de existir. H\u00e1, por exemplo,\u00a0 escolas e col\u00e9gios que, anualmente, promovem certames internos de m\u00fasica. Eu mesmo sou testemunha disso, pois estudei tecnologia t\u00eaxtil no SENAI, quando morava em minha S\u00e3o Paulo natal, e os festivais estudantis de m\u00fasica promovidos pela Escola \u201cFrancisco Matarazzo\u201d \u00a0(que se mudou do Br\u00e1s para o Cambuci, em 1981) sempre foram bastante animados, com torcida organizada e tudo, a plateia cantando junto as m\u00fasicas etc. \u00a0\u00c9 assim, por certo, nas escolas, col\u00e9gios e at\u00e9 mesmo faculdades\u00a0 que boa parte de nossos amigos cultos, ocultos e associados frequentaram em seus tempos de estudante. Afinal de contas, quem nunca teve pelo menos um pouquinho de m\u00fasica em suas veias? Evidentemente, at\u00e9 sindicatos de trabalhadores promovem festivais internos de m\u00fasica popular. Aqui se enquadra o \u00e1lbum que o TM nos oferece hoje, lan\u00e7ado em 1980, documentando o III Festival Banc\u00e1rio de MPB, promovido pelo sindicato paulistano da categoria (e, claro, produ\u00e7\u00e3o independente). Nessa \u00e9poca, com a chamada \u201cabertura lenta e gradual\u201d promovida pelo regime militar, j\u00e1 em seus estertores finais, o sindicalismo brasileiro se revitalizou, a partir das greves de metal\u00fargicos no ABC paulista, capitaneadas pelo ent\u00e3o presidente do sindicato da categoria, Luiz In\u00e1cio Lula da Silva. O \u00e1lbum \u00e9 dedicado a um certo N\u00e9lson C. Santos, falecido em uma ter\u00e7a-feira de carnaval, pouco antes do t\u00e9rmino dos trabalhos de grava\u00e7\u00e3o do disco. E resultou de brilhante iniciativa do departamento cultural do sindicato dos banc\u00e1rios paulistano, que ent\u00e3o j\u00e1 acreditava nas atividades art\u00edsticas como instrumento de democratiza\u00e7\u00e3o do Brasil. As doze finalistas do certame (n\u00e3o h\u00e1 informa\u00e7\u00e3o de qual foi a m\u00fasica vencedora, infelizmente) revelam cantores e compositores bastante inspirados, abordando temas diversos: homenagem ao homem do campo (\u201cImagem sertaneja\u201d), pacifismo (\u201cNunca penso em guerra\u201d), a luta do trabalhador pela sobreviv\u00eancia (\u201cO oper\u00e1rio\u201d, \u201cChoro de breque\u201d, \u201cZ\u00e9 carregador\u201d), corrup\u00e7\u00e3o (\u201cUma rosa de cristal\u201d), a saudade do retirante nordestino (\u201cSonho de voltar\u201d)&#8230;\u00a0 Tudo isso em trabalhos muito bem acabados, dando oportunidade a membros da categoria banc\u00e1ria, de mostrar talento, compet\u00eancia e inspira\u00e7\u00e3o no setor musical. Este disco praticamente encerra a retrospectiva dedicada aos festivais de m\u00fasica pelo TM, mas certamente n\u00e3o \u00e9 um ponto final definitivo. Afinal, festivais de m\u00fasica continuam e continuar\u00e3o sempre a existir ao redor de n\u00f3s, ainda que n\u00e3o recebendo divulga\u00e7\u00e3o pela maior parte da m\u00eddia. E ponto final \u00e9 uma coisa que o canto de nosso povo nunca teve, nem vai ter.<\/p>\n<div style=\"text-align: center;\">\u00a0rosa de cristal<\/div>\n<div style=\"text-align: center;\">sonho de voltar<\/div>\n<div style=\"text-align: center;\">chor de breque<\/div>\n<div style=\"text-align: center;\">o oper\u00e1rio<\/div>\n<div style=\"text-align: center;\">despedida de um sambista<\/div>\n<div style=\"text-align: center;\">avesso<\/div>\n<div style=\"text-align: center;\">terra do sol<\/div>\n<div style=\"text-align: center;\">pegue o por do sol<\/div>\n<div style=\"text-align: center;\">p\u00e1ssaro dom\u00e9stico<\/div>\n<div style=\"text-align: center;\">imagem sertaneja<\/div>\n<div style=\"text-align: center;\">z\u00e9 na marra<\/div>\n<div style=\"text-align: center;\">nunca penso em guerra<\/div>\n<p>*Texto de Samuel Machado Filho<\/p>\n","protected":false},"excerpt":{"rendered":"<p>Em seu livro \u201cA era dos festivais \u2013 Uma par\u00e1bola\u201d, o pesquisador Zuza Homem de Mello informa que a mesma terminou em 1972, com o s\u00e9timo e \u00faltimo FIC (Festival Internacional da Can\u00e7\u00e3o), promovido no Rio de Janeiro pela TV &hellip; <a href=\"https:\/\/www.toque-musicall.com\/?p=5911\">Continue lendo <span class=\"meta-nav\">&rarr;<\/span><\/a><\/p>\n","protected":false},"author":1,"featured_media":0,"comment_status":"open","ping_status":"closed","sticky":false,"template":"","format":"standard","meta":{"footnotes":""},"categories":[278,2841,25],"tags":[],"class_list":["post-5911","post","type-post","status-publish","format-standard","hentry","category-festivais","category-iii-festival-bancario-de-mpb","category-selo-independente"],"_links":{"self":[{"href":"https:\/\/www.toque-musicall.com\/index.php?rest_route=\/wp\/v2\/posts\/5911","targetHints":{"allow":["GET"]}}],"collection":[{"href":"https:\/\/www.toque-musicall.com\/index.php?rest_route=\/wp\/v2\/posts"}],"about":[{"href":"https:\/\/www.toque-musicall.com\/index.php?rest_route=\/wp\/v2\/types\/post"}],"author":[{"embeddable":true,"href":"https:\/\/www.toque-musicall.com\/index.php?rest_route=\/wp\/v2\/users\/1"}],"replies":[{"embeddable":true,"href":"https:\/\/www.toque-musicall.com\/index.php?rest_route=%2Fwp%2Fv2%2Fcomments&post=5911"}],"version-history":[{"count":1,"href":"https:\/\/www.toque-musicall.com\/index.php?rest_route=\/wp\/v2\/posts\/5911\/revisions"}],"predecessor-version":[{"id":5912,"href":"https:\/\/www.toque-musicall.com\/index.php?rest_route=\/wp\/v2\/posts\/5911\/revisions\/5912"}],"wp:attachment":[{"href":"https:\/\/www.toque-musicall.com\/index.php?rest_route=%2Fwp%2Fv2%2Fmedia&parent=5911"}],"wp:term":[{"taxonomy":"category","embeddable":true,"href":"https:\/\/www.toque-musicall.com\/index.php?rest_route=%2Fwp%2Fv2%2Fcategories&post=5911"},{"taxonomy":"post_tag","embeddable":true,"href":"https:\/\/www.toque-musicall.com\/index.php?rest_route=%2Fwp%2Fv2%2Ftags&post=5911"}],"curies":[{"name":"wp","href":"https:\/\/api.w.org\/{rel}","templated":true}]}}