{"id":5915,"date":"2016-12-17T09:16:51","date_gmt":"2016-12-17T11:16:51","guid":{"rendered":"http:\/\/www.toque-musicall.com\/?p=5915"},"modified":"2016-12-22T09:29:01","modified_gmt":"2016-12-22T11:29:01","slug":"i-festival-operario-da-musica-popular-brasileira-1975","status":"publish","type":"post","link":"https:\/\/www.toque-musicall.com\/?p=5915","title":{"rendered":"I Festival Oper\u00e1rio Da M\u00fasica Popular Brasileira (1975)"},"content":{"rendered":"<p><img loading=\"lazy\" decoding=\"async\" class=\"aligncenter size-large\" src=\"https:\/\/2.bp.blogspot.com\/-yc8Nd_sUcA4\/WFspcemehWI\/AAAAAAAANrc\/S_3FxTViJM0zIP9vfHCP8t88vqwAJ7e0wCLcB\/s640\/capap.JPG\" width=\"626\" height=\"640\" \/><img loading=\"lazy\" decoding=\"async\" class=\"aligncenter size-large\" src=\"https:\/\/4.bp.blogspot.com\/-ATjwKx3yT2U\/WFspdI_LoiI\/AAAAAAAANrg\/xcIpzOEIdTwwsztaPeWm75hTPMmW61IdQCLcB\/s640\/contrap.JPG\" width=\"637\" height=\"640\" \/><\/p>\n<p>Em sua retrospectiva \u201cfestivalesca\u201d, o TM ofereceu anteriormente a seus amigos cultos, ocultos e associados um \u00e1lbum documentando o festival interno de MPB promovido pelo Sindicato dos Banc\u00e1rios de S\u00e3o Paulo em 1980. Pois bem: hoje apresentamos um precioso compacto duplo, com quatro concorrentes de um outro certame de que participaram trabalhadores. Batizado de I Festival Oper\u00e1rio da M\u00fasica Popular Brasileira, aconteceu em 1975, no estado do Rio Grande do Sul, iniciando-se em 2 de agosto e terminado em 21 de setembro, visando mostrar, conforme a chamada de capa, que \u201ca boa m\u00fasica nasce nas f\u00e1bricas\u201d.\u00a0 E foi bancado pelo pr\u00f3prio governo ga\u00facho,na gest\u00e3o de Sinval Guazelli, \u00a0com a colabora\u00e7\u00e3o de empresas privadas (isso numa \u00e9poca em que os militares ainda governavam o Brasil, e os governadores de estado tamb\u00e9m eram eleitos indiretamente). Outro detalhe \u00e9 que o compacto duplo com as m\u00fasicas do festival foi lan\u00e7ado por uma \u201cmajor\u201d do setor fonogr\u00e1fico, a CBS, atual Sony Music, com a participa\u00e7\u00e3o, nos arranjos, do ent\u00e3o j\u00e1 veterano Alexandre Gnattali, irm\u00e3o de Radam\u00e9s. Duas faixas do disco s\u00e3o interpretadas por Waldir Mello, o samba-can\u00e7\u00e3o \u201cTeu olhar\u201d e o samba \u201cNossa guerra \u00e9 diferente\u201d, de cunho pacifista. O programa deste precioso disquinho se completa com o afro-samba \u201cCabo da Boa Esperan\u00e7a\u201d, com o coral da CBS, e \u201cInquina\u00e7\u00e3o no samba\u201d (pregando a volta do g\u00eanero \u00e0s origens), com V\u00edtor Ferreira e o grupo Som Kapela 6. Curioso tamb\u00e9m \u00e9 o texto de apresenta\u00e7\u00e3o do disco, escrito pelo ent\u00e3o secret\u00e1rio do trabalho e a\u00e7\u00e3o social do governo riograndense, Carlos Alberto Gomes Chiarelli, afirmando que \u201cao lado do desenvolvimento econ\u00f4mico est\u00e1 o oferecimento\u00a0 do bem-estar social para o trabalhador, incremento do lazer e da recrea\u00e7\u00e3o\u201d, al\u00e9m do objetivo de revelar novos talentos para nossa m\u00fasica popular. Ao que parece, os autores e int\u00e9rpretes deste disco n\u00e3o foram l\u00e1 muito longe, al\u00e9m do qu\u00ea n\u00e3o h\u00e1 informa\u00e7\u00e3o sobre qual foi a m\u00fasica vencedora. De qualquer forma, \u00e9 um precioso documento que o TM nos revela, de um tempo em que nem sequer se imaginava que o Rio Grande do Sul iria enfrentar os graves problemas financeiros por que passa atualmente, e que por certo inviabilizariam iniciativas s\u00f3cio-culturais como a do Festival Oper\u00e1rio de MPB. <a href=\"https:\/\/www.blogger.com\/null\" name=\"_GoBack\"><\/a>Confiram&#8230;<\/p>\n<div style=\"text-align: center;\">teu olhar &#8211; valdir mello<\/div>\n<div style=\"text-align: center;\">nossa guerra \u00e9 diferente &#8211; valdir mello<\/div>\n<div style=\"text-align: center;\">cabo da boa esperan\u00e7a &#8211; coral cbs<\/div>\n<div style=\"text-align: center;\">inquina\u00e7\u00e3o no samba &#8211; vitor ferreira<\/div>\n<p>*Texto de Samuel Machado Filho<\/p>\n","protected":false},"excerpt":{"rendered":"<p>Em sua retrospectiva \u201cfestivalesca\u201d, o TM ofereceu anteriormente a seus amigos cultos, ocultos e associados um \u00e1lbum documentando o festival interno de MPB promovido pelo Sindicato dos Banc\u00e1rios de S\u00e3o Paulo em 1980. Pois bem: hoje apresentamos um precioso compacto &hellip; <a href=\"https:\/\/www.toque-musicall.com\/?p=5915\">Continue lendo <span class=\"meta-nav\">&rarr;<\/span><\/a><\/p>\n","protected":false},"author":1,"featured_media":0,"comment_status":"open","ping_status":"closed","sticky":false,"template":"","format":"standard","meta":{"footnotes":""},"categories":[93,278,2842,178],"tags":[],"class_list":["post-5915","post","type-post","status-publish","format-standard","hentry","category-compactos","category-festivais","category-i-festival-operario-da-musica-popular-brasileira","category-selo-cbs"],"_links":{"self":[{"href":"https:\/\/www.toque-musicall.com\/index.php?rest_route=\/wp\/v2\/posts\/5915","targetHints":{"allow":["GET"]}}],"collection":[{"href":"https:\/\/www.toque-musicall.com\/index.php?rest_route=\/wp\/v2\/posts"}],"about":[{"href":"https:\/\/www.toque-musicall.com\/index.php?rest_route=\/wp\/v2\/types\/post"}],"author":[{"embeddable":true,"href":"https:\/\/www.toque-musicall.com\/index.php?rest_route=\/wp\/v2\/users\/1"}],"replies":[{"embeddable":true,"href":"https:\/\/www.toque-musicall.com\/index.php?rest_route=%2Fwp%2Fv2%2Fcomments&post=5915"}],"version-history":[{"count":1,"href":"https:\/\/www.toque-musicall.com\/index.php?rest_route=\/wp\/v2\/posts\/5915\/revisions"}],"predecessor-version":[{"id":5916,"href":"https:\/\/www.toque-musicall.com\/index.php?rest_route=\/wp\/v2\/posts\/5915\/revisions\/5916"}],"wp:attachment":[{"href":"https:\/\/www.toque-musicall.com\/index.php?rest_route=%2Fwp%2Fv2%2Fmedia&parent=5915"}],"wp:term":[{"taxonomy":"category","embeddable":true,"href":"https:\/\/www.toque-musicall.com\/index.php?rest_route=%2Fwp%2Fv2%2Fcategories&post=5915"},{"taxonomy":"post_tag","embeddable":true,"href":"https:\/\/www.toque-musicall.com\/index.php?rest_route=%2Fwp%2Fv2%2Ftags&post=5915"}],"curies":[{"name":"wp","href":"https:\/\/api.w.org\/{rel}","templated":true}]}}