{"id":5929,"date":"2016-12-18T09:55:47","date_gmt":"2016-12-18T11:55:47","guid":{"rendered":"http:\/\/www.toque-musicall.com\/?p=5929"},"modified":"2016-12-22T10:08:33","modified_gmt":"2016-12-22T12:08:33","slug":"o-melhor-de-o-brasil-canta-no-rio-1968","status":"publish","type":"post","link":"https:\/\/www.toque-musicall.com\/?p=5929","title":{"rendered":"O Melhor De O Brasil Canta No Rio (1968)"},"content":{"rendered":"<p><img loading=\"lazy\" decoding=\"async\" class=\"aligncenter size-large\" src=\"https:\/\/3.bp.blogspot.com\/-Hzr46JqdB54\/WFu74g0fAGI\/AAAAAAAANrw\/TN9RPgGBd3IA8BDknyNY4JwGbBawpm6BgCLcB\/s640\/capap.JPG\" width=\"631\" height=\"640\" \/><img loading=\"lazy\" decoding=\"async\" class=\"aligncenter size-large\" src=\"https:\/\/1.bp.blogspot.com\/-w1e-7zvhhHg\/WFu75MAAO3I\/AAAAAAAANr0\/ZZ6k3PR4YDweFYxCBF8LwbGh0JYaIJAgACLcB\/s640\/contrap.JPG\" width=\"629\" height=\"640\" \/><\/p>\n<p>Encerrando de vez sua retrospectiva dedicada aos festivais, o TM oferece hoje a seus amigos cultos, ocultos e associados , mais um \u00e1lbum (o oficial j\u00e1 foi postado anteriormente) referente ao certame promovido em 1968 (\u201co ano que n\u00e3o terminou\u201d) pela extinta TV Excelsior, canal 2, do Rio de Janeiro, oficialmente denominado \u201cO Brasil canta no Rio\u201d, mas tamb\u00e9m conhecido como III Festival Nacional de M\u00fasica Popular.\u00a0 Criado, organizado e realizado por Adonis Karan, o festival aconteceu simultaneamente em oito estados (e sem o apoio da Embratel, ent\u00e3o estatal, criada tr\u00eas anos antes): \u00a0Rio de Janeiro, Guanabara, Minas Gerais, Bahia, Paran\u00e1, Pernambuco, Rio Grande do Sul e S\u00e3o Paulo. Isso em uma \u00e9poca em que n\u00e3o havia as facilidades de comunica\u00e7\u00e3o de hoje (sat\u00e9lites, internet, redes sociais, etc.). Em cada um deles, houve quatro eliminat\u00f3rias e uma final regional, cada um classificando cinco m\u00fasicas. Entretanto, s\u00f3 tr\u00eas m\u00fasicas classificadas em cada estado concorreram na final nacional, acontecida no gin\u00e1sio Maracan\u00e3zinho (o mesmo do FIC) em 27 de julho de 1968. A m\u00fasica vencedora foi \u201cModinha\u201d, de S\u00e9rgio Bittencourt, interpretada por Taiguara. O curioso \u00e9 que neste \u00e1lbum que hoje oferecemos, lan\u00e7ado pela CBS, a Sony Music de hoje, \u00a0quatro das primeiras colocadas no festival (\u201cModinha\u201d, \u201cPaix\u00e3o segundo o amor\u201d, \u201cFala mo\u00e7o\u201d e \u201cVoc\u00ea passa, eu acho gra\u00e7a\u201d) nem sequer aparecem. Como seus int\u00e9rpretes pertenciam a outras gravadoras, a empresa\u00a0 decidiu oferecer o que tinha, literalmente \u00e0 m\u00e3o, apresentando neste disco doze concorrentes do festival da Excelsior, representando seis dos oito estados participantes (Minas Gerais e Paran\u00e1 ficaram de fora), ficando a produ\u00e7\u00e3o por conta de H\u00e9lcio Milito, ent\u00e3o baterista e percussionista do Tamba Trio. Destas, seis participaram da final do certame: \u201cPeccata mundi\u201d (com Cynara e Cybele, ex-integrantes do Quarteto em Cy), \u201cA vez e a voz da paz\u201d (que abre o disco, na voz de Eduardo Conde, sendo que foi originalmente defendida por Taiguara), \u201cCiranda do amor\u201d (aqui com seu autor, Roberto Lima), \u201cUltimatum\u201d (a vice-campe\u00e3, de autoria dos irm\u00e3os Valle, originalmente defendida por Maria Odete com o grupo Momentoquatro, e aqui com a ent\u00e3o estreante Gl\u00f3ria), \u201cO ga\u00facho\u201d (na voz do autor, Raul Ellwanger) e \u201cRetirada\u201d (com Rose Valentim, curiosamente de autoria do maestro Eduardo Lages, futuro arranjador de Roberto Carlos em discos e shows). Completam o trabalho outras seis m\u00fasicas: \u201cLitoral\u201d, dos estreantes Toninho Horta e Ronaldo Bastos, com a tamb\u00e9m estreante Gilda Horta, por certo irm\u00e3 de Toninho (que j\u00e1 participara do festival de Juiz de Fora, acontecido pouco antes), \u201cSem assunto\u201d, de Sidney Miller (vencedora do mesmo festival de Juiz de Fora), com Cynara e Cybele, que ainda interpretam \u201cO jornal\u201d, da dupla Chico Anysio-Arnaud Rodrigues (criadores, mais tarde, do \u201cgrupo\u201d Baiano e os Novos Caetanos) e\u201cBloco do eu sozinho\u201d, dos irm\u00e3os Valle,\u201cHomem\u00a0 do meu mundo\u201d, tamb\u00e9m dos irm\u00e3os Valle e igualmente apresentada antes no festival de Juiz de Fora, com Eduardo Conde, e \u201cBerenice\u201d, com outra estreante de ent\u00e3o, V\u00e2nia.\u00a0 Tudo isso num verdadeiro \u00e1lbum-documento, com o qual o TM encerra com chave de ouro sua retrospectiva dedicada aos festivais da MPB. Esperamos que voc\u00eas tenham gostado e apreciado, e desejamos-lhes um fim-de-ano cheio de alegria, e um ano novo repleto de realiza\u00e7\u00f5es positivas e proveitosas!<\/p>\n<div style=\"text-align: center;\">a vez e a voz da paz &#8211; eduardo conde<\/div>\n<div style=\"text-align: center;\">ciranda do amor &#8211; roberto lima<\/div>\n<div style=\"text-align: center;\">litiral &#8211; gilda horta<\/div>\n<div style=\"text-align: center;\">sem assunto &#8211; cynara e cybele<\/div>\n<div style=\"text-align: center;\">retirada &#8211; rose valentim<\/div>\n<div style=\"text-align: center;\">homem do meu mundo &#8211; eduardo conde<\/div>\n<div style=\"text-align: center;\">peccata mundi &#8211; cynara e cybele<\/div>\n<div style=\"text-align: center;\">ultimatum &#8211; gl\u00f3ria<\/div>\n<div style=\"text-align: center;\">berenice &#8211; vania<\/div>\n<div style=\"text-align: center;\">o jornal &#8211; cynara e cybele<\/div>\n<div style=\"text-align: center;\">o ga\u00facho &#8211; raul ellwanger<\/div>\n<div style=\"text-align: center;\">bloco do eu sozinho &#8211; cynara e cybele<\/div>\n<p>*Texto de Samuel Machado Filho<\/p>\n","protected":false},"excerpt":{"rendered":"<p>Encerrando de vez sua retrospectiva dedicada aos festivais, o TM oferece hoje a seus amigos cultos, ocultos e associados , mais um \u00e1lbum (o oficial j\u00e1 foi postado anteriormente) referente ao certame promovido em 1968 (\u201co ano que n\u00e3o terminou\u201d) &hellip; <a href=\"https:\/\/www.toque-musicall.com\/?p=5929\">Continue lendo <span class=\"meta-nav\">&rarr;<\/span><\/a><\/p>\n","protected":false},"author":1,"featured_media":0,"comment_status":"open","ping_status":"closed","sticky":false,"template":"","format":"standard","meta":{"footnotes":""},"categories":[1338,2844,278,178],"tags":[],"class_list":["post-5929","post","type-post","status-publish","format-standard","hentry","category-cynara-e-cybele","category-eduardo-conde","category-festivais","category-selo-cbs"],"_links":{"self":[{"href":"https:\/\/www.toque-musicall.com\/index.php?rest_route=\/wp\/v2\/posts\/5929","targetHints":{"allow":["GET"]}}],"collection":[{"href":"https:\/\/www.toque-musicall.com\/index.php?rest_route=\/wp\/v2\/posts"}],"about":[{"href":"https:\/\/www.toque-musicall.com\/index.php?rest_route=\/wp\/v2\/types\/post"}],"author":[{"embeddable":true,"href":"https:\/\/www.toque-musicall.com\/index.php?rest_route=\/wp\/v2\/users\/1"}],"replies":[{"embeddable":true,"href":"https:\/\/www.toque-musicall.com\/index.php?rest_route=%2Fwp%2Fv2%2Fcomments&post=5929"}],"version-history":[{"count":1,"href":"https:\/\/www.toque-musicall.com\/index.php?rest_route=\/wp\/v2\/posts\/5929\/revisions"}],"predecessor-version":[{"id":5930,"href":"https:\/\/www.toque-musicall.com\/index.php?rest_route=\/wp\/v2\/posts\/5929\/revisions\/5930"}],"wp:attachment":[{"href":"https:\/\/www.toque-musicall.com\/index.php?rest_route=%2Fwp%2Fv2%2Fmedia&parent=5929"}],"wp:term":[{"taxonomy":"category","embeddable":true,"href":"https:\/\/www.toque-musicall.com\/index.php?rest_route=%2Fwp%2Fv2%2Fcategories&post=5929"},{"taxonomy":"post_tag","embeddable":true,"href":"https:\/\/www.toque-musicall.com\/index.php?rest_route=%2Fwp%2Fv2%2Ftags&post=5929"}],"curies":[{"name":"wp","href":"https:\/\/api.w.org\/{rel}","templated":true}]}}