{"id":593,"date":"2010-12-31T12:33:00","date_gmt":"2010-12-31T12:33:00","guid":{"rendered":"http:\/\/www.toque-musicall.com\/?p=593"},"modified":"2010-12-31T12:33:00","modified_gmt":"2010-12-31T12:33:00","slug":"joao-bosco-quintet-live-in-nefertiti-jazz-club-2009","status":"publish","type":"post","link":"https:\/\/www.toque-musicall.com\/?p=593","title":{"rendered":"Jo\u00e3o Bosco Quintet &#8211; Live In Nefertiti Jazz Club (2009)"},"content":{"rendered":"<p><img decoding=\"async\" style=\"TEXT-ALIGN: center; MARGIN: 0px auto 10px; WIDTH: 400px; DISPLAY: block; HEIGHT: 396px; CURSOR: hand\" id=\"BLOGGER_PHOTO_ID_5556824189286084082\" border=\"0\" alt=\"\" src=\"http:\/\/1.bp.blogspot.com\/_DSKVEvHtskc\/TR3OKKmx7fI\/AAAAAAAAHgA\/Au07j13Xj2s\/s400\/jo%25C3%25A3o+bosco+quintet+P.JPG\" \/><a href=\"http:\/\/3.bp.blogspot.com\/_DSKVEvHtskc\/TR3OAsehk2I\/AAAAAAAAHf4\/vHmvhBb2Q8o\/s1600\/jo%25C3%25A3o+bosco+quintet+Fp2.JPG\"><img decoding=\"async\" style=\"TEXT-ALIGN: center; MARGIN: 0px auto 10px; WIDTH: 400px; DISPLAY: block; HEIGHT: 396px; CURSOR: hand\" id=\"BLOGGER_PHOTO_ID_5556824026579571554\" border=\"0\" alt=\"\" src=\"http:\/\/3.bp.blogspot.com\/_DSKVEvHtskc\/TR3OAsehk2I\/AAAAAAAAHf4\/vHmvhBb2Q8o\/s400\/jo%25C3%25A3o+bosco+quintet+Fp2.JPG\" \/><\/a>Bom \u00faltimo dia do ano para todos! Aqui estou eu para a postagem final de 2010. N\u00e3o adianta insistir, eu agora s\u00f3 vou voltar no ano que vem! hehehe&#8230; Fiquei ontem pensando com que chave de ouro eu fecharia o ano no nosso Toque Musical. Por certo, discos interessantes \u00e9 o que n\u00e3o falta. Contudo, eu queria algo que fosse diferente e especial. Parece que o meu amigo Chris Rousseau leu os meus pensamentos e me enviou, entre outras, uma grava\u00e7\u00e3o de um show do Jo\u00e3o Bosco, no famoso &#8220;Nefertiti Jazz Club&#8221;, em Goteborg, na Su\u00e9cia. Esta apresenta\u00e7\u00e3o aconteceu em 2009, bem recente. Neste show ele \u00e9 apresentado como um quinteto, ao lado de Nelson Faria na guitarra, Ney Concei\u00e7\u00e3o no contrabaixo, Kiko Freitas na bateria e Mar\u00e7al na percuss\u00e3o. A qualidade da grava\u00e7\u00e3o \u00e9 muito boa. Eu acredito, depois de editar todas as m\u00fasicas, que o registro foi feito ou transmitido por uma r\u00e1dio local. Na edi\u00e7\u00e3o eu acabei eliminando algumas falas e an\u00fancios do locutor. Sei que ele comentava de Bossa Nova, Jazz e do pr\u00f3prio Jo\u00e3o Bosco, mas como era tudo em sueco e em nada acrescentaria para o nosso deleite musical, achei melhor n\u00e3o incluir. Como embalagem para este &#8216;bootleg&#8217; de primeira linha, criei meio as pressas as capinhas para apresenta\u00e7\u00e3o. Fiz uma primeira inspirada em capas de jazz europeu e uma segunda, um pouco mais alegre (mais Brasil) com o Jo\u00e3o portando, numa alegoria, a coroa de Nefertiti. Como fiquei na d\u00favida na hora da escolha, decidi publicar as duas e deixar que voc\u00eas comentem qual est\u00e1 mais agrad\u00e1vel.<br \/>Hoje parece que tudo est\u00e1 se encaixando, at\u00e9 o fato de ser esta uma grava\u00e7\u00e3o alternativa e independente, de acordo com as postagens das sextas feiras. Ta\u00ed, fechamos o ano com uma bela chave de ouro, que tamb\u00e9m servir\u00e1 para abrir a porta de 2011.<br \/>Desejo a todos os amigos, cultos e ocultos, brasileiros e estrangeiros e tamb\u00e9m aos nossos artistas, um FELIZ ANO NOVO! Que a alegria, a amizade e a fraternidade esteja ainda mais presente entre n\u00f3s. Desejo, de cora\u00e7\u00e3o, a todos os que me acompanharam, muita felicidade, paz, amor, sa\u00fade e sorte. Muita m\u00fasica para espantar a tristeza ou pelo menos acompanh\u00e1-la diluindo a dor. Que este toque musical continue batendo em todos os cora\u00e7\u00f5es. Valeu demais! \ud83d\ude42<\/p>\n<div align=\"center\">terreiro de jesus<\/div>\n<div align=\"center\">desfinado<\/div>\n<div align=\"center\">a r\u00e3<\/div>\n<div align=\"center\">april child<\/div>\n<div align=\"center\">varadero<\/div>\n<div align=\"center\">mulher do amazonas<\/div>\n<div align=\"center\">desenho de giz<\/div>\n<div align=\"center\">coisa feita<\/div>\n<div align=\"center\">linha de passe<\/div>\n<div align=\"center\">trem azul<\/div>\n<div align=\"center\">papel mach\u00ea<\/div>\n<div align=\"center\">vatap\u00e1<\/div>\n<div align=\"center\">vou te contar<\/div>\n<div align=\"center\">na\u00e7\u00e3o<\/div>\n<div align=\"center\">pr\u00eat-a-porter de tafet\u00e1<\/div>\n<div align=\"center\">incompatibilidade de g\u00eanios<\/div>\n<div align=\"center\">bala com bala<\/div>\n<div align=\"center\">odil\u00ea, odil\u00e1 &#8211; ronco da cu\u00edca<\/div>\n<div align=\"center\">tiro de miseric\u00f3rdia &#8211; escadas da penha<\/div>\n<div align=\"center\">\u00e1guas de mar\u00e7o<\/div>\n<div align=\"center\"><\/div>\n<div align=\"center\"><\/div>\n<div align=\"center\"><\/div>\n<div align=\"center\"><\/div>\n","protected":false},"excerpt":{"rendered":"<p>Bom \u00faltimo dia do ano para todos! Aqui estou eu para a postagem final de 2010. N\u00e3o adianta insistir, eu agora s\u00f3 vou voltar no ano que vem! hehehe&#8230; Fiquei ontem pensando com que chave de ouro eu fecharia o &hellip; <a href=\"https:\/\/www.toque-musicall.com\/?p=593\">Continue lendo <span class=\"meta-nav\">&rarr;<\/span><\/a><\/p>\n","protected":false},"author":1,"featured_media":0,"comment_status":"open","ping_status":"closed","sticky":false,"template":"","format":"standard","meta":{"footnotes":""},"categories":[180,134],"tags":[],"class_list":["post-593","post","type-post","status-publish","format-standard","hentry","category-bootleg","category-joao-bosco"],"_links":{"self":[{"href":"https:\/\/www.toque-musicall.com\/index.php?rest_route=\/wp\/v2\/posts\/593","targetHints":{"allow":["GET"]}}],"collection":[{"href":"https:\/\/www.toque-musicall.com\/index.php?rest_route=\/wp\/v2\/posts"}],"about":[{"href":"https:\/\/www.toque-musicall.com\/index.php?rest_route=\/wp\/v2\/types\/post"}],"author":[{"embeddable":true,"href":"https:\/\/www.toque-musicall.com\/index.php?rest_route=\/wp\/v2\/users\/1"}],"replies":[{"embeddable":true,"href":"https:\/\/www.toque-musicall.com\/index.php?rest_route=%2Fwp%2Fv2%2Fcomments&post=593"}],"version-history":[{"count":0,"href":"https:\/\/www.toque-musicall.com\/index.php?rest_route=\/wp\/v2\/posts\/593\/revisions"}],"wp:attachment":[{"href":"https:\/\/www.toque-musicall.com\/index.php?rest_route=%2Fwp%2Fv2%2Fmedia&parent=593"}],"wp:term":[{"taxonomy":"category","embeddable":true,"href":"https:\/\/www.toque-musicall.com\/index.php?rest_route=%2Fwp%2Fv2%2Fcategories&post=593"},{"taxonomy":"post_tag","embeddable":true,"href":"https:\/\/www.toque-musicall.com\/index.php?rest_route=%2Fwp%2Fv2%2Ftags&post=593"}],"curies":[{"name":"wp","href":"https:\/\/api.w.org\/{rel}","templated":true}]}}