{"id":594,"date":"2010-12-30T14:49:00","date_gmt":"2010-12-30T14:49:00","guid":{"rendered":"http:\/\/www.toque-musicall.com\/?p=594"},"modified":"2010-12-30T14:49:00","modified_gmt":"2010-12-30T14:49:00","slug":"sylvia-telles-amor-de-gente-moca-1959-74","status":"publish","type":"post","link":"https:\/\/www.toque-musicall.com\/?p=594","title":{"rendered":"Sylvia Telles &#8211; Amor De Gente Mo\u00e7a (1959-74)"},"content":{"rendered":"<p><a href=\"http:\/\/1.bp.blogspot.com\/_DSKVEvHtskc\/TRycD_rf9rI\/AAAAAAAAHfs\/U0bXgDJgq_I\/s1600\/sylvia+telles+P.JPG\"><img decoding=\"async\" style=\"TEXT-ALIGN: center; MARGIN: 0px auto 10px; WIDTH: 400px; DISPLAY: block; HEIGHT: 400px; CURSOR: hand\" id=\"BLOGGER_PHOTO_ID_5556487632715773618\" border=\"0\" alt=\"\" src=\"http:\/\/1.bp.blogspot.com\/_DSKVEvHtskc\/TRycD_rf9rI\/AAAAAAAAHfs\/U0bXgDJgq_I\/s400\/sylvia+telles+P.JPG\" \/><\/a> Ol\u00e1, amigos cultos e ocultos. A postagem de hoje tem um sentimento especial e eu a dedico \u00e0 minha tia. Algumas m\u00fasicas aqui, eu me lembro, fizeram parte da vida dela e sei tamb\u00e9m que ela gostava da Sylvia Telles. Como eu tamb\u00e9m gosto, e em especial deste disco, resolvi post\u00e1-lo.<br \/>&#8220;Amor de gente mo\u00e7a&#8221;, vem aqui em sua segunda edi\u00e7\u00e3o. Para tanto e me poupando a resenha, reproduzo as palavras de Aloysio de Oliveira na apresenta\u00e7\u00e3o do \u00e1lbum, relan\u00e7ado 15 anos depois, em 1974:<br \/><em>&#8220;Este disco lan\u00e7ou 9 m\u00fasicas in\u00e9ditas de Antonio Carlos Jobim e v\u00e1rias delas se tornaram sucesso no mundo inteiro. Este disco definiu Sylvia Telles como uma grande int\u00e9rprete da d\u00e9cada de 50. Este disco tornou-se antol\u00f3gico para admiradores da m\u00fasica de Tom e das interpreta\u00e7\u00f5es de Silvinha. Este disco \u00e9 dedicado \u00e0 nova gera\u00e7\u00e3o que n\u00e3o conheceu Silvia Telles, tendo a certeza que ouvir\u00e3o seu canto com o mesmo encanto que n\u00f3s ouv\u00edamos. Este disco foi produzido com o amor que ele merecia, de Gaya com seus arranjos, de Oswaldo Borba regendo a orquestra, e de todos que cooperaram na sua realiza\u00e7\u00e3o. Este disco tinha que ser <\/em><strong>&#8216;postado&#8217;<\/strong><em>. E a\u00ed est\u00e1.&#8221;<\/em><br \/>Logo depois de ter passado a bola da Elenco para a Philips, j\u00e1 na d\u00e9cada de 70, Aloysio de Oliveira retorna \u00e0 Odeon e cria a s\u00e9rie especial chamada Evento, pela qual ele publicou seis \u00e1lbuns, sendo a metade deles relan\u00e7amentos. Entre esses, o de Sylvia Telles. Merecido, diga-se de passagem.<br \/>Acredito que os amigos j\u00e1 devem ter bebido deste \u00e1lbum em outras fontes, mesmo assim, n\u00e3o custa nada conferir&#8230;<\/p>\n<div align=\"center\">dindi<\/div>\n<div align=\"center\">de voc\u00ea, eu gosto<\/div>\n<div align=\"center\">discuss\u00e3o<\/div>\n<div align=\"center\">sem voc\u00ea<\/div>\n<div align=\"center\">fotografia<\/div>\n<div align=\"center\">janelas abertas<\/div>\n<div align=\"center\">demais<\/div>\n<div align=\"center\">o que tinha de ser<\/div>\n<div align=\"center\">a felicidade<\/div>\n<div align=\"center\">canta, canta mais<\/div>\n<div align=\"center\">s\u00f3 em teus bra\u00e7os<\/div>\n<div align=\"center\">esquecendo voc\u00ea<\/div>\n","protected":false},"excerpt":{"rendered":"<p>Ol\u00e1, amigos cultos e ocultos. A postagem de hoje tem um sentimento especial e eu a dedico \u00e0 minha tia. Algumas m\u00fasicas aqui, eu me lembro, fizeram parte da vida dela e sei tamb\u00e9m que ela gostava da Sylvia Telles. &hellip; <a href=\"https:\/\/www.toque-musicall.com\/?p=594\">Continue lendo <span class=\"meta-nav\">&rarr;<\/span><\/a><\/p>\n","protected":false},"author":1,"featured_media":0,"comment_status":"open","ping_status":"closed","sticky":false,"template":"","format":"standard","meta":{"footnotes":""},"categories":[287],"tags":[],"class_list":["post-594","post","type-post","status-publish","format-standard","hentry","category-sylvia-telles"],"_links":{"self":[{"href":"https:\/\/www.toque-musicall.com\/index.php?rest_route=\/wp\/v2\/posts\/594","targetHints":{"allow":["GET"]}}],"collection":[{"href":"https:\/\/www.toque-musicall.com\/index.php?rest_route=\/wp\/v2\/posts"}],"about":[{"href":"https:\/\/www.toque-musicall.com\/index.php?rest_route=\/wp\/v2\/types\/post"}],"author":[{"embeddable":true,"href":"https:\/\/www.toque-musicall.com\/index.php?rest_route=\/wp\/v2\/users\/1"}],"replies":[{"embeddable":true,"href":"https:\/\/www.toque-musicall.com\/index.php?rest_route=%2Fwp%2Fv2%2Fcomments&post=594"}],"version-history":[{"count":0,"href":"https:\/\/www.toque-musicall.com\/index.php?rest_route=\/wp\/v2\/posts\/594\/revisions"}],"wp:attachment":[{"href":"https:\/\/www.toque-musicall.com\/index.php?rest_route=%2Fwp%2Fv2%2Fmedia&parent=594"}],"wp:term":[{"taxonomy":"category","embeddable":true,"href":"https:\/\/www.toque-musicall.com\/index.php?rest_route=%2Fwp%2Fv2%2Fcategories&post=594"},{"taxonomy":"post_tag","embeddable":true,"href":"https:\/\/www.toque-musicall.com\/index.php?rest_route=%2Fwp%2Fv2%2Ftags&post=594"}],"curies":[{"name":"wp","href":"https:\/\/api.w.org\/{rel}","templated":true}]}}