{"id":596,"date":"2010-12-28T22:32:00","date_gmt":"2010-12-28T22:32:00","guid":{"rendered":"http:\/\/www.toque-musicall.com\/?p=596"},"modified":"2010-12-28T22:32:00","modified_gmt":"2010-12-28T22:32:00","slug":"rio-show-festival-a-noite-da-bossa-nova-e-os-melhores-momentos-1991","status":"publish","type":"post","link":"https:\/\/www.toque-musicall.com\/?p=596","title":{"rendered":"Rio Show Festival &#8211; A Noite Da Bossa Nova e Os Melhores Momentos (1991)"},"content":{"rendered":"<p><a href=\"http:\/\/2.bp.blogspot.com\/_DSKVEvHtskc\/TRpoxZysy3I\/AAAAAAAAHd4\/LUZh9h5XgwU\/s1600\/rio+show+P.JPG\"><img decoding=\"async\" style=\"TEXT-ALIGN: center; MARGIN: 0px auto 10px; WIDTH: 400px; DISPLAY: block; HEIGHT: 399px; CURSOR: hand\" id=\"BLOGGER_PHOTO_ID_5555868288261344114\" border=\"0\" alt=\"\" src=\"http:\/\/2.bp.blogspot.com\/_DSKVEvHtskc\/TRpoxZysy3I\/AAAAAAAAHd4\/LUZh9h5XgwU\/s400\/rio+show+P.JPG\" \/><\/a><a href=\"http:\/\/3.bp.blogspot.com\/_DSKVEvHtskc\/TRpor0mHj7I\/AAAAAAAAHdw\/njgDZU42938\/s1600\/rio+show+bossa+P.JPG\"><img decoding=\"async\" style=\"TEXT-ALIGN: center; MARGIN: 0px auto 10px; WIDTH: 400px; DISPLAY: block; HEIGHT: 399px; CURSOR: hand\" id=\"BLOGGER_PHOTO_ID_5555868192377114546\" border=\"0\" alt=\"\" src=\"http:\/\/3.bp.blogspot.com\/_DSKVEvHtskc\/TRpor0mHj7I\/AAAAAAAAHdw\/njgDZU42938\/s400\/rio+show+bossa+P.JPG\" \/><\/a>Boas&#8230;! Hoje vai ter que ser bem corridinho pois meu tempo \u00e9 curto. Fim de ano, voc\u00eas j\u00e1 viram&#8230; n\u00e3o \u00e9 mole n\u00e3o. T\u00f4 tentando por a minha cabe\u00e7a em ordem e outras coisas tamb\u00e9m. Segue aqui (e para compensar) dois discos que v\u00e3o tamb\u00e9m cair bem na festa de fim de ano. Temos em dose dupla dois discos lan\u00e7ados pela Som Livre, um registro de um show no Rio Centro, em 1991. Foram lan\u00e7ados separadamente, como \u00e1lbuns distintos, um, dedicado \u00e0  noite da Bossa Nova e outro com alguns dos melhores momentos. Por incr\u00edvel que pare\u00e7a estou ouvindo esses dois discos pela primeira vez. Acho que nunca tive muito tes\u00e3o em ouv\u00ed-los, mesmo sabendo que iria encontrar coisa boa. Mas tudo tem a sua hora e muito por causa de voc\u00eas e do Toque Musical, eu agora posso dizer, confiram a\u00ed esta beleza! <\/p>\n<div> <\/div>\n<div align=\"center\">A Noite da Bossa Nova:<\/div>\n<div align=\"center\">triste &#8211; brigas nunca mais &#8211; vivo sonhando &#8211; leila pinheiro<\/div>\n<div align=\"center\">ilus\u00e3o \u00e0-toa &#8211; johnny alf<\/div>\n<div align=\"center\">ela \u00e9 carioca &#8211; os cariocas<\/div>\n<div align=\"center\">berimbau &#8211; os cariocas<\/div>\n<div align=\"center\">voc\u00ea e eu &#8211; ver\u00f4nica sabino<\/div>\n<div align=\"center\">rio &#8211; leila pinheiro<\/div>\n<div align=\"center\">samba do avi\u00e3o &#8211; os cariocas e leny andrade<\/div>\n<div align=\"center\">ah! se eu pudesse &#8211; o barquinho &#8211; voc\u00ea &#8211; n\u00f3s e o mar &#8211;  leila pinheiro<\/div>\n<div align=\"center\">s\u00f3 em teus bra\u00e7os &#8211; este seu olhar &#8211; ver\u00f4nica sabino<\/div>\n<div align=\"center\">n\u00f3s &#8211; johnny alf e leny andrade<\/div>\n<div align=\"center\">minha namorada &#8211; carlos lyra<\/div>\n<div align=\"center\">voc\u00ea e eu  &#8211; carlos lyra<\/div>\n<div align=\"center\">Os Melhores Momentos:<\/div>\n<div align=\"center\">morena de angola &#8211; elba ramalho<\/div>\n<div align=\"center\">algu\u00e9m me disse &#8211; gal costa<\/div>\n<div align=\"center\">brasil &#8211; margareth menezes<\/div>\n<div align=\"center\">um dia um adeus &#8211; guilherme arantes<\/div>\n<div align=\"center\">sem ela eu n\u00e3o vou &#8211; paulinho da viola<\/div>\n<div align=\"center\">triste &#8211; brigas nunca mais &#8211; vivo sonhado &#8211; leila pinheiro<\/div>\n<div align=\"center\">te amo espanhola &#8211; flavio venturini<\/div>\n<div align=\"center\">quem \u00e9 voc\u00ea &#8211; sandra de s\u00e1<\/div>\n<div align=\"center\">banho de espuma &#8211; chega mais &#8211; rita lee<\/div>\n<div align=\"center\">filho maravilha &#8211; jorge ben jor<\/div>\n<div align=\"center\">anuncia\u00e7\u00e3o &#8211; alceu valen\u00e7a<\/div>\n<div align=\"center\"> <\/div>\n","protected":false},"excerpt":{"rendered":"<p>Boas&#8230;! Hoje vai ter que ser bem corridinho pois meu tempo \u00e9 curto. Fim de ano, voc\u00eas j\u00e1 viram&#8230; n\u00e3o \u00e9 mole n\u00e3o. T\u00f4 tentando por a minha cabe\u00e7a em ordem e outras coisas tamb\u00e9m. Segue aqui (e para compensar) &hellip; <a href=\"https:\/\/www.toque-musicall.com\/?p=596\">Continue lendo <span class=\"meta-nav\">&rarr;<\/span><\/a><\/p>\n","protected":false},"author":1,"featured_media":0,"comment_status":"open","ping_status":"closed","sticky":false,"template":"","format":"standard","meta":{"footnotes":""},"categories":[886],"tags":[],"class_list":["post-596","post","type-post","status-publish","format-standard","hentry","category-rio-show-festival"],"_links":{"self":[{"href":"https:\/\/www.toque-musicall.com\/index.php?rest_route=\/wp\/v2\/posts\/596","targetHints":{"allow":["GET"]}}],"collection":[{"href":"https:\/\/www.toque-musicall.com\/index.php?rest_route=\/wp\/v2\/posts"}],"about":[{"href":"https:\/\/www.toque-musicall.com\/index.php?rest_route=\/wp\/v2\/types\/post"}],"author":[{"embeddable":true,"href":"https:\/\/www.toque-musicall.com\/index.php?rest_route=\/wp\/v2\/users\/1"}],"replies":[{"embeddable":true,"href":"https:\/\/www.toque-musicall.com\/index.php?rest_route=%2Fwp%2Fv2%2Fcomments&post=596"}],"version-history":[{"count":0,"href":"https:\/\/www.toque-musicall.com\/index.php?rest_route=\/wp\/v2\/posts\/596\/revisions"}],"wp:attachment":[{"href":"https:\/\/www.toque-musicall.com\/index.php?rest_route=%2Fwp%2Fv2%2Fmedia&parent=596"}],"wp:term":[{"taxonomy":"category","embeddable":true,"href":"https:\/\/www.toque-musicall.com\/index.php?rest_route=%2Fwp%2Fv2%2Fcategories&post=596"},{"taxonomy":"post_tag","embeddable":true,"href":"https:\/\/www.toque-musicall.com\/index.php?rest_route=%2Fwp%2Fv2%2Ftags&post=596"}],"curies":[{"name":"wp","href":"https:\/\/api.w.org\/{rel}","templated":true}]}}