{"id":5969,"date":"2017-02-01T09:21:53","date_gmt":"2017-02-01T11:21:53","guid":{"rendered":"http:\/\/www.toque-musicall.com\/?p=5969"},"modified":"2017-02-08T09:24:35","modified_gmt":"2017-02-08T11:24:35","slug":"luiz-carlos-vinhas-o-som-psicodelico-de-lcv-1968","status":"publish","type":"post","link":"https:\/\/www.toque-musicall.com\/?p=5969","title":{"rendered":"Luiz Carlos Vinhas &#8211; O Som Psicodelico De LCV (1968)"},"content":{"rendered":"<p><img loading=\"lazy\" decoding=\"async\" class=\"aligncenter size-large\" src=\"https:\/\/4.bp.blogspot.com\/-j2Nj_pW8zIw\/WJr9u-psnsI\/AAAAAAAANz8\/yPoFAeAKjugQwkKeuKfwk7LIlD0F-mq5QCEw\/s640\/luizcarlos%2BFp.JPG\" width=\"632\" height=\"640\" \/><img loading=\"lazy\" decoding=\"async\" class=\"aligncenter size-large\" src=\"https:\/\/4.bp.blogspot.com\/-547TpG74hRI\/WJr9uMgmAEI\/AAAAAAAANz4\/i28tZw2DGGMQxII8RJe3mFAJce6oWzwpwCEw\/s640\/lcv%2BBp.JPG\" width=\"640\" height=\"629\" \/><\/p>\n<p>Ap\u00f3s apresentar o \u00e1lbum \u201cOs reis do ritmo\u201d, com o conjunto Bossa 3, formado e dirigido pelo pianista Luiz Carlos Vinhas (1940-2001), o TM tem a grata satisfa\u00e7\u00e3o de oferecer a seus amigos cultos, ocultos e associados mais um trabalho com a marca deste not\u00e1vel m\u00fasico, e considerado at\u00e9 mesmo sua obra-prima: trata-se de \u201cO som psicod\u00e9lico de Luiz Carlos Vinhas\u201d, seu segundo disco individual (o primeiro foi \u201cNovas estruturas\u201d, em 1964), elaborad\u00edssima produ\u00e7\u00e3o de H\u00e9lcio Milito, ent\u00e3o baterista do Tamba Trio, para a CBS, futura Sony Music, e precios\u00edssimo legado do \u201cano que n\u00e3o terminou\u201d, 1968. Tendo em seu curr\u00edculo participa\u00e7\u00f5es em discos de grandes nomes da MPB, tipo Elis Regina, Quarteto em Cy, Jorge Ben Jor e Maria Beth\u00e2nia, Luiz Carlos Vinhas iniciou-se na m\u00fasica ainda cedo, quando seu pai lhe deu um viol\u00e3o de presente, e em 1957 j\u00e1 estava nas composi\u00e7\u00f5es da bossa nova carioca. Ele se supera neste trabalho, riqu\u00edssimo em elementos e experimentos, mesclando psicodelia e toques de m\u00fasica brasileira, com cantos folcl\u00f3ricos, caboclos e umbandistas. Abrindo o disco, a instrumental \u201cAmazonas\u201d, de Jo\u00e3o Donato, que impressiona o ouvinte logo de sa\u00edda. Vinhas sempre foi experimental, e conhecia bem a cultura brasileira, o que se reflete em trabalhos autorais como \u201cTanganica\u201d, \u201cZiz\u00ea bai\u00f4\u201d\u00a0 e \u201cYe-mel\u00ea\u201d (t\u00edtulos que remetem \u00e0 cultura afro), esta \u00faltima um lindo canto para Iemanj\u00e1, na mesma \u00e9poca tamb\u00e9m gravada por Elis Regina e mais tarde \u00eaxito mundial com S\u00e9rgio Mendes. Outro destaque \u00e9 \u201cUm jour Christine\u201d, de Bruno Ferreira, uma can\u00e7\u00e3o melanc\u00f3lica por\u00e9m com linda melodia vocal e percuss\u00e3o bem simples ao fundo. A partir da sexta faixa, Vinhas nos oferece fant\u00e1sticas regrava\u00e7\u00f5es de sucessos nacionais e internacionais, como \u201cArrasta a sand\u00e1lia\u201d, \u201cChatanooga choo-choo\u201d, \u201cTributo a Martin Luther King\u201d, \u201cRosa morena\u201d, \u201cMorena boca de outro\u201d e \u201cCan\u2019t take my eyes of you\u201d. Tudo terminando, e muit\u00edssimo bem, com \u201cO di\u00e1logo\u201d, uma parceria de Vinhas com Chico \u201cFim-de-Noite\u201d Feitosa, que tamb\u00e9m fizeram juntos \u201cYe-mel\u00ea\u201d e \u201cZiz\u00ea bai\u00f4\u201d. Em suma, um trabalho primoroso, de alta qualidade t\u00e9cnica e art\u00edstica, que o TM orgulhosamente nos oferece. Confiram&#8230;<\/p>\n<p style=\"text-align: center;\">amazonas<\/p>\n<p style=\"text-align: center;\">tanganica<\/p>\n<p style=\"text-align: center;\">y\u00ea-mel\u00ea<\/p>\n<p style=\"text-align: center;\">ziz\u00e9-mel\u00ea<\/p>\n<p style=\"text-align: center;\">un jour christine<\/p>\n<p style=\"text-align: center;\">song to my father<\/p>\n<p style=\"text-align: center;\">chatanooga choo-choo<\/p>\n<p style=\"text-align: center;\">pourquoi<\/p>\n<p style=\"text-align: center;\">birthday morning<\/p>\n<p style=\"text-align: center;\">o di\u00e1logo<\/p>\n<p>*Texto de Samuel Machado Filho<\/p>\n","protected":false},"excerpt":{"rendered":"<p>Ap\u00f3s apresentar o \u00e1lbum \u201cOs reis do ritmo\u201d, com o conjunto Bossa 3, formado e dirigido pelo pianista Luiz Carlos Vinhas (1940-2001), o TM tem a grata satisfa\u00e7\u00e3o de oferecer a seus amigos cultos, ocultos e associados mais um trabalho &hellip; <a href=\"https:\/\/www.toque-musicall.com\/?p=5969\">Continue lendo <span class=\"meta-nav\">&rarr;<\/span><\/a><\/p>\n","protected":false},"author":1,"featured_media":0,"comment_status":"open","ping_status":"closed","sticky":false,"template":"","format":"standard","meta":{"footnotes":""},"categories":[1729,178],"tags":[],"class_list":["post-5969","post","type-post","status-publish","format-standard","hentry","category-luiz-carlos-vinhas","category-selo-cbs"],"_links":{"self":[{"href":"https:\/\/www.toque-musicall.com\/index.php?rest_route=\/wp\/v2\/posts\/5969","targetHints":{"allow":["GET"]}}],"collection":[{"href":"https:\/\/www.toque-musicall.com\/index.php?rest_route=\/wp\/v2\/posts"}],"about":[{"href":"https:\/\/www.toque-musicall.com\/index.php?rest_route=\/wp\/v2\/types\/post"}],"author":[{"embeddable":true,"href":"https:\/\/www.toque-musicall.com\/index.php?rest_route=\/wp\/v2\/users\/1"}],"replies":[{"embeddable":true,"href":"https:\/\/www.toque-musicall.com\/index.php?rest_route=%2Fwp%2Fv2%2Fcomments&post=5969"}],"version-history":[{"count":1,"href":"https:\/\/www.toque-musicall.com\/index.php?rest_route=\/wp\/v2\/posts\/5969\/revisions"}],"predecessor-version":[{"id":5970,"href":"https:\/\/www.toque-musicall.com\/index.php?rest_route=\/wp\/v2\/posts\/5969\/revisions\/5970"}],"wp:attachment":[{"href":"https:\/\/www.toque-musicall.com\/index.php?rest_route=%2Fwp%2Fv2%2Fmedia&parent=5969"}],"wp:term":[{"taxonomy":"category","embeddable":true,"href":"https:\/\/www.toque-musicall.com\/index.php?rest_route=%2Fwp%2Fv2%2Fcategories&post=5969"},{"taxonomy":"post_tag","embeddable":true,"href":"https:\/\/www.toque-musicall.com\/index.php?rest_route=%2Fwp%2Fv2%2Ftags&post=5969"}],"curies":[{"name":"wp","href":"https:\/\/api.w.org\/{rel}","templated":true}]}}