{"id":598,"date":"2010-12-27T01:10:00","date_gmt":"2010-12-27T01:10:00","guid":{"rendered":"http:\/\/www.toque-musicall.com\/?p=598"},"modified":"2010-12-27T01:10:00","modified_gmt":"2010-12-27T01:10:00","slug":"severino-araujo-orquestra-tabajara-vol-3-1989","status":"publish","type":"post","link":"https:\/\/www.toque-musicall.com\/?p=598","title":{"rendered":"Severino Ara\u00fajo &#038; Orquestra Tabajara &#8211; Vol. 3 (1989)"},"content":{"rendered":"<p><a href=\"http:\/\/3.bp.blogspot.com\/_DSKVEvHtskc\/TRhd_nj2n5I\/AAAAAAAAHdU\/RXmFi0Y4_eU\/s1600\/severino+F2.JPG\"><img decoding=\"async\" style=\"TEXT-ALIGN: center; MARGIN: 0px auto 10px; WIDTH: 400px; DISPLAY: block; HEIGHT: 400px; CURSOR: hand\" id=\"BLOGGER_PHOTO_ID_5555293487894011794\" border=\"0\" alt=\"\" src=\"http:\/\/3.bp.blogspot.com\/_DSKVEvHtskc\/TRhd_nj2n5I\/AAAAAAAAHdU\/RXmFi0Y4_eU\/s400\/severino+F2.JPG\" \/><\/a> Ol\u00e1 amigos cultos e ocultos! Quero agradecer a voc\u00eas todo o apoio e carinho recebido num momento em que eu me encontro fragilizado e melanc\u00f3lico. Estou me sentido como uma praia deserta que a cada instante recebe uma onda diferente, as vezes boas, as vezes ruins. Mas sei que logo o sol vai aparecer, aquecendo as areias e transformando tudo em alegria. Obrigado a todos!<br \/>Para hoje temos a incr\u00edvel Orquestra Tabajara, sob o comando de seu grande maestro, Severino Ara\u00fajo. Para aqueles que n\u00e3o sabem, esta \u00e9 a orquestra mais antiga, em atividade no Brasil e provavelmente no mundo. Severino Ara\u00fajo tamb\u00e9m entra nos recordes, sendo o maestro de orquestra que esteve por mais tempo a frente desta &#8216;big band&#8217;. Foram mais de 60 anos sem pausas! Atualmente a Orquestra continua, agora sob o comando do irm\u00e3o de Severino, o saxofonista Jaime Ara\u00fajo.<br \/>Nos anos 80, a Orquestra se apresentava com enorme sucesso na &#8220;Domingueira voadora&#8221;, s\u00e9rie de bailes dominicais realizados na casa de espet\u00e1culos Circo Voador no bairro da Lapa, no Rio de Janeiro. Este \u00e1lbum \u00e9 um dos volumes desta \u00e9poca, lan\u00e7ado pelo selo Fama. Eu at\u00e9 cheguei a pensar que fossem grava\u00e7\u00f5es ao vivo, mas pela qualidade do som, acredito que tenha sido feitas em est\u00fadio. S\u00e3o, por certo, m\u00fasicas que fizeram parte do repert\u00f3rio nas tardes de domingo no Circo Voador, temas nacionais e internacionais. Se voc\u00ea n\u00e3o teve a chance de estar l\u00e1 para o baile, aproveite agora e fa\u00e7a o seu na passagem de ano. Este \u00e1lbum cai muito bem numa festa de reveillon.<\/p>\n<div align=\"center\">um chorinho no circo voador<\/div>\n<div align=\"center\">retic\u00eancias<\/div>\n<div align=\"center\">garota de ipanema<\/div>\n<div align=\"center\">samba do avi\u00e3o<\/div>\n<div align=\"center\">take the a train<\/div>\n<div align=\"center\">samba de uma nota s\u00f3<\/div>\n<div align=\"center\">bolero<\/div>\n<div align=\"center\">reflexos<\/div>\n<div align=\"center\">sonata ao luar<\/div>\n<div align=\"center\">um chorinho para trombone baixo<\/div>\n<div align=\"center\">concerto n\u00ba 1<\/div>\n<div align=\"center\">also sprach zarathustra<\/div>\n<div align=\"center\"> <\/div>\n<div align=\"center\"> <\/div>\n","protected":false},"excerpt":{"rendered":"<p>Ol\u00e1 amigos cultos e ocultos! Quero agradecer a voc\u00eas todo o apoio e carinho recebido num momento em que eu me encontro fragilizado e melanc\u00f3lico. Estou me sentido como uma praia deserta que a cada instante recebe uma onda diferente, &hellip; <a href=\"https:\/\/www.toque-musicall.com\/?p=598\">Continue lendo <span class=\"meta-nav\">&rarr;<\/span><\/a><\/p>\n","protected":false},"author":1,"featured_media":0,"comment_status":"open","ping_status":"closed","sticky":false,"template":"","format":"standard","meta":{"footnotes":""},"categories":[499],"tags":[],"class_list":["post-598","post","type-post","status-publish","format-standard","hentry","category-severino-araujo-e-orquestra-tabajara"],"_links":{"self":[{"href":"https:\/\/www.toque-musicall.com\/index.php?rest_route=\/wp\/v2\/posts\/598","targetHints":{"allow":["GET"]}}],"collection":[{"href":"https:\/\/www.toque-musicall.com\/index.php?rest_route=\/wp\/v2\/posts"}],"about":[{"href":"https:\/\/www.toque-musicall.com\/index.php?rest_route=\/wp\/v2\/types\/post"}],"author":[{"embeddable":true,"href":"https:\/\/www.toque-musicall.com\/index.php?rest_route=\/wp\/v2\/users\/1"}],"replies":[{"embeddable":true,"href":"https:\/\/www.toque-musicall.com\/index.php?rest_route=%2Fwp%2Fv2%2Fcomments&post=598"}],"version-history":[{"count":0,"href":"https:\/\/www.toque-musicall.com\/index.php?rest_route=\/wp\/v2\/posts\/598\/revisions"}],"wp:attachment":[{"href":"https:\/\/www.toque-musicall.com\/index.php?rest_route=%2Fwp%2Fv2%2Fmedia&parent=598"}],"wp:term":[{"taxonomy":"category","embeddable":true,"href":"https:\/\/www.toque-musicall.com\/index.php?rest_route=%2Fwp%2Fv2%2Fcategories&post=598"},{"taxonomy":"post_tag","embeddable":true,"href":"https:\/\/www.toque-musicall.com\/index.php?rest_route=%2Fwp%2Fv2%2Ftags&post=598"}],"curies":[{"name":"wp","href":"https:\/\/api.w.org\/{rel}","templated":true}]}}