{"id":5989,"date":"2017-02-25T10:31:36","date_gmt":"2017-02-25T13:31:36","guid":{"rendered":"http:\/\/www.toque-musicall.com\/?p=5989"},"modified":"2017-02-26T20:22:47","modified_gmt":"2017-02-26T23:22:47","slug":"carnaval-76-convocacao-geral-vol-1-1975","status":"publish","type":"post","link":"https:\/\/www.toque-musicall.com\/?p=5989","title":{"rendered":"Carnaval 76 &#8211; Convoca\u00e7\u00e3o Geral Vol. 1 (1975)"},"content":{"rendered":"<p><img loading=\"lazy\" decoding=\"async\" class=\"aligncenter size-large\" src=\"https:\/\/4.bp.blogspot.com\/-0Ps1bee-qcg\/WLM9MU4hVrI\/AAAAAAAAN40\/NoRydf1M1UUgpWqXJDlcqmbFk5RjNOXfgCLcB\/s640\/cgc1p.JPG\" width=\"640\" height=\"639\" \/><img loading=\"lazy\" decoding=\"async\" class=\"aligncenter size-large\" src=\"https:\/\/3.bp.blogspot.com\/-_uo71o_vmlg\/WLM9M0eKZMI\/AAAAAAAAN44\/_5IrWHw2VNULqJpPwfv0UnPJdasPbw1LACEw\/s640\/cg%2BB1p.JPG\" width=\"632\" height=\"640\" \/><\/p>\n<p>Boa tarde, amigos foli\u00f5es, cultos e ocultos! Embora espa\u00e7adas as nossas postagens, eu n\u00e3o poderia deixar ficar\u00a0em branco nossa festa maior, o Carnaval. Para n\u00e3o dizerem que eu n\u00e3o falei de flores, segue aqui alguns buqu\u00eas. Vamos fazer aqui uma convoca\u00e7\u00e3o geral e em duas chamadas \ud83d\ude42<br \/>\nTrago hoje o volume 1 do Carnaval 76, Convoca\u00e7\u00e3o Geral. Este lp j\u00e1 se tornou um cl\u00e1ssico, pois traz em seu conte\u00fado uma s\u00e9rie de marchinhas carnavalescas nas vozes de um variado leque de artistas. Ao contr\u00e1rio de tantas outras colet\u00e2neas dessa esp\u00e9cie, esta tem algo de original, pois apresenta grava\u00e7\u00f5es \u00fanicas, feitas exclusivamente para este projeto da gravadora Som Livre, que come\u00e7ou no ano anterior, quando ent\u00e3o lan\u00e7aram o Carnaval 75 &#8211; Convoca\u00e7\u00e3o Geral, em \u00e1lbum duplo (disco este j\u00e1 postado aqui). Muitos desses fonogramas s\u00e3o encontrados apenas nesses discos, o que os torna raros. Para o ano de 76 a gravadora decidiu desmembrar o \u00e1lbum duplo em dois volumes. No primeiro, que postamos hoje temos 12 m\u00fasicas, sendo quase todas sucessos memor\u00e1veis. Vale muito a pena ouvir esses discos, pois eles s\u00f3 costuma aparecer uma vez por ano \ud83d\ude09<\/p>\n<div style=\"text-align: center;\">a filha da chiquita bacana &#8211; caetano veloso<\/div>\n<div style=\"text-align: center;\">mangueira minha alegria &#8211; elza soares<\/div>\n<div style=\"text-align: center;\">pr\u00e1 l\u00e1 de bagd\u00e1 &#8211; fevers<\/div>\n<div style=\"text-align: center;\">carimb\u00f3 no carnaval &#8211; jorge goulard<\/div>\n<div style=\"text-align: center;\">verde e branco &#8211; sonia santos<\/div>\n<div style=\"text-align: center;\">a tartaruga &#8211; blackout<\/div>\n<div style=\"text-align: center;\">kojak &#8211; nelson gon\u00e7alves<\/div>\n<div style=\"text-align: center;\">\u00e9 nessa onda &#8211; conjunto nosso samba<\/div>\n<div style=\"text-align: center;\">quem for mulher que me siga &#8211; quarteto em cy<\/div>\n<div style=\"text-align: center;\">mexa-se &#8211; djalma dias<\/div>\n<div style=\"text-align: center;\">feliz de quem pode sambar &#8211; luiz ayr\u00e3o<\/div>\n<div style=\"text-align: center;\">saudade polu\u00edda &#8211; cesar costa filho<\/div>\n<div><\/div>\n<div>.<\/div>\n","protected":false},"excerpt":{"rendered":"<p>Boa tarde, amigos foli\u00f5es, cultos e ocultos! Embora espa\u00e7adas as nossas postagens, eu n\u00e3o poderia deixar ficar\u00a0em branco nossa festa maior, o Carnaval. Para n\u00e3o dizerem que eu n\u00e3o falei de flores, segue aqui alguns buqu\u00eas. Vamos fazer aqui uma &hellip; <a href=\"https:\/\/www.toque-musicall.com\/?p=5989\">Continue lendo <span class=\"meta-nav\">&rarr;<\/span><\/a><\/p>\n","protected":false},"author":1,"featured_media":0,"comment_status":"open","ping_status":"closed","sticky":false,"template":"","format":"standard","meta":{"footnotes":""},"categories":[136,263,2509,61,84,66],"tags":[],"class_list":["post-5989","post","type-post","status-publish","format-standard","hentry","category-caetano-veloso","category-carnaval","category-carnaval-76","category-elza-soares","category-jorge-goulart","category-selo-som-livre"],"_links":{"self":[{"href":"https:\/\/www.toque-musicall.com\/index.php?rest_route=\/wp\/v2\/posts\/5989","targetHints":{"allow":["GET"]}}],"collection":[{"href":"https:\/\/www.toque-musicall.com\/index.php?rest_route=\/wp\/v2\/posts"}],"about":[{"href":"https:\/\/www.toque-musicall.com\/index.php?rest_route=\/wp\/v2\/types\/post"}],"author":[{"embeddable":true,"href":"https:\/\/www.toque-musicall.com\/index.php?rest_route=\/wp\/v2\/users\/1"}],"replies":[{"embeddable":true,"href":"https:\/\/www.toque-musicall.com\/index.php?rest_route=%2Fwp%2Fv2%2Fcomments&post=5989"}],"version-history":[{"count":2,"href":"https:\/\/www.toque-musicall.com\/index.php?rest_route=\/wp\/v2\/posts\/5989\/revisions"}],"predecessor-version":[{"id":5991,"href":"https:\/\/www.toque-musicall.com\/index.php?rest_route=\/wp\/v2\/posts\/5989\/revisions\/5991"}],"wp:attachment":[{"href":"https:\/\/www.toque-musicall.com\/index.php?rest_route=%2Fwp%2Fv2%2Fmedia&parent=5989"}],"wp:term":[{"taxonomy":"category","embeddable":true,"href":"https:\/\/www.toque-musicall.com\/index.php?rest_route=%2Fwp%2Fv2%2Fcategories&post=5989"},{"taxonomy":"post_tag","embeddable":true,"href":"https:\/\/www.toque-musicall.com\/index.php?rest_route=%2Fwp%2Fv2%2Ftags&post=5989"}],"curies":[{"name":"wp","href":"https:\/\/api.w.org\/{rel}","templated":true}]}}