{"id":599,"date":"2010-12-24T10:55:00","date_gmt":"2010-12-24T10:55:00","guid":{"rendered":"http:\/\/www.toque-musicall.com\/?p=599"},"modified":"2010-12-24T10:55:00","modified_gmt":"2010-12-24T10:55:00","slug":"nosso-natal-1957","status":"publish","type":"post","link":"https:\/\/www.toque-musicall.com\/?p=599","title":{"rendered":"Nosso Natal (1957)"},"content":{"rendered":"<p><a href=\"http:\/\/3.bp.blogspot.com\/_DSKVEvHtskc\/TRR8pU0XvTI\/AAAAAAAAHcc\/jp1L3vryrk4\/s1600\/natal+P.JPG\"><img decoding=\"async\" style=\"TEXT-ALIGN: center; MARGIN: 0px auto 10px; WIDTH: 400px; DISPLAY: block; HEIGHT: 396px; CURSOR: hand\" id=\"BLOGGER_PHOTO_ID_5554201289859513650\" border=\"0\" alt=\"\" src=\"http:\/\/3.bp.blogspot.com\/_DSKVEvHtskc\/TRR8pU0XvTI\/AAAAAAAAHcc\/jp1L3vryrk4\/s400\/natal+P.JPG\" \/><\/a> Ol\u00e1, amigos cultos e ocultos! Hoje talvez n\u00e3o seja um bom dia para uma postagem, como tamb\u00e9m n\u00e3o foi ontem, para mim. Como voc\u00eas j\u00e1 sabem, estou vivendo um momento de luto. Hoje, \u00e0s 15 horas ser\u00e1 o sepultamento da minha tia. Estou aqui aguardando este encerramento. Logo estarei indo ao vel\u00f3rio e a minha noite de Natal vai ser ainda mais melanc\u00f3lica. A cada ano percebo e agora mais ainda, que o Natal realmente n\u00e3o \u00e9 uma data alegre. Tamb\u00e9m n\u00e3o a chamaria de triste. \u00c9 um momento de reflex\u00e3o, concentra\u00e7\u00e3o e emo\u00e7\u00e3o. \u00c9 aquela hora em que deixamos de pensar somente em n\u00f3s, quando nos deparamos com o outro e quando vemos nele o nosso pr\u00f3prio reflexo. Neste momento eu sinto que o todo \u00e9 um s\u00f3 e que eu sou parte desse todo. \u00c9 por isso que me sinto t\u00e3o bem quando fa\u00e7o algo que alegra as outras pessoas. Sinto que estou fazendo tamb\u00e9m por mim. Trazer a alegria, mesmo que num momento de tristeza, vai me fazer bem. Estar aqui preparando este disco para voc\u00eas, me afasta de pensamentos ruins, me d\u00e1 esperan\u00e7as e resigna\u00e7\u00e3o. Preciso ocupar a minha cabe\u00e7a com outros pensamentos. O duro disso tudo \u00e9 a hist\u00f3ria que vem por tr\u00e1s. Mas isso eu vou poupar aos amigos, pois mesmo na passionalidade, este assunto n\u00e3o \u00e9 nada musical.<br \/>Bom, para celebrarmos o nosso Natal, estou trazendo um disco bem bacana, um t\u00edpico exemplar do Toque Musical. Temos aqui um disco de Natal, do ano de 1957, onde a gravadora Columbia reuniu alguns de seus melhores artistas, cantando doze temas originais. S\u00e3o m\u00fasicas natalinas nacionais, criadas por compositores brasileiros. Este \u00e1lbum \u00e9 raro em todos os sentidos, mas principalmente pelo time de artistas, em grava\u00e7\u00f5es que s\u00f3 foram ouvidas neste lp. S\u00e3o onze nomes de peso: Doris Monteiro, Alcides Gerardi, Luiz Claudio, Lana Bittencourt, Zez\u00e9 Gonzaga, Silvio Caldas, Zil\u00e1 Fonseca, Paulo Marquez, Dircinha Costa, Ellen de Lima e Gilvan Chaves. Apenas a \u00faltima faixa, &#8220;Papai Noel&#8221;, foi gravada em c\u00f4ro e &#8216;a cappela&#8217; pelo Coral da Columbia. Segundo me contaram, o coral foi formado pelo pr\u00f3prio elenco (ser\u00e1?).<br \/>Ta\u00ed o meu toque musical de Natal. Desejo a todos uma boa noite. Muitas felicidades, paz e amor.<\/p>\n<div align=\"center\">can\u00e7\u00e3o de natal &#8211; silvio caldas<\/div>\n<div align=\"center\">a caminho de bel\u00e9m &#8211; zez\u00e9 gonzaga<\/div>\n<div align=\"center\">\u00e9 natal &#8211; paulo marques<\/div>\n<div align=\"center\">quando chega o natal &#8211; ellen de lima<\/div>\n<div align=\"center\">blom blem bl\u00e3o &#8211; luiz claudio<\/div>\n<div align=\"center\">jerusalem &#8211; zilah fonseca<\/div>\n<div align=\"center\">boas festas &#8211; doris monteiro<\/div>\n<div align=\"center\">natal da saudade &#8211; alcides gerardi<\/div>\n<div align=\"center\">feliz natal &#8211; lana bitencourt<\/div>\n<div align=\"center\">cantiga de natal &#8211; gilvan chaves<\/div>\n<div align=\"center\">can\u00e7\u00e3o de natal do brasil &#8211; dircinha costa<\/div>\n<div align=\"center\">papai noel &#8211; coral columbia<\/div>\n<div align=\"center\"> <\/div>\n<div align=\"center\"> <\/div>\n","protected":false},"excerpt":{"rendered":"<p>Ol\u00e1, amigos cultos e ocultos! Hoje talvez n\u00e3o seja um bom dia para uma postagem, como tamb\u00e9m n\u00e3o foi ontem, para mim. Como voc\u00eas j\u00e1 sabem, estou vivendo um momento de luto. Hoje, \u00e0s 15 horas ser\u00e1 o sepultamento da &hellip; <a href=\"https:\/\/www.toque-musicall.com\/?p=599\">Continue lendo <span class=\"meta-nav\">&rarr;<\/span><\/a><\/p>\n","protected":false},"author":1,"featured_media":0,"comment_status":"open","ping_status":"closed","sticky":false,"template":"","format":"standard","meta":{"footnotes":""},"categories":[114,890,200,888,889,162,511,891,12,338,336],"tags":[],"class_list":["post-599","post","type-post","status-publish","format-standard","hentry","category-alcides-gerardi","category-dircinha-costa","category-doris-monteiro","category-ellen-de-lima","category-gilvan-chaves","category-lana-bittencourt","category-luiz-claudio","category-paulo-marquez","category-silvio-caldas","category-zeze-gonzaga","category-zila-fonseca"],"_links":{"self":[{"href":"https:\/\/www.toque-musicall.com\/index.php?rest_route=\/wp\/v2\/posts\/599","targetHints":{"allow":["GET"]}}],"collection":[{"href":"https:\/\/www.toque-musicall.com\/index.php?rest_route=\/wp\/v2\/posts"}],"about":[{"href":"https:\/\/www.toque-musicall.com\/index.php?rest_route=\/wp\/v2\/types\/post"}],"author":[{"embeddable":true,"href":"https:\/\/www.toque-musicall.com\/index.php?rest_route=\/wp\/v2\/users\/1"}],"replies":[{"embeddable":true,"href":"https:\/\/www.toque-musicall.com\/index.php?rest_route=%2Fwp%2Fv2%2Fcomments&post=599"}],"version-history":[{"count":0,"href":"https:\/\/www.toque-musicall.com\/index.php?rest_route=\/wp\/v2\/posts\/599\/revisions"}],"wp:attachment":[{"href":"https:\/\/www.toque-musicall.com\/index.php?rest_route=%2Fwp%2Fv2%2Fmedia&parent=599"}],"wp:term":[{"taxonomy":"category","embeddable":true,"href":"https:\/\/www.toque-musicall.com\/index.php?rest_route=%2Fwp%2Fv2%2Fcategories&post=599"},{"taxonomy":"post_tag","embeddable":true,"href":"https:\/\/www.toque-musicall.com\/index.php?rest_route=%2Fwp%2Fv2%2Ftags&post=599"}],"curies":[{"name":"wp","href":"https:\/\/api.w.org\/{rel}","templated":true}]}}