{"id":5992,"date":"2017-02-27T11:18:51","date_gmt":"2017-02-27T14:18:51","guid":{"rendered":"http:\/\/www.toque-musicall.com\/?p=5992"},"modified":"2017-02-28T17:50:32","modified_gmt":"2017-02-28T20:50:32","slug":"carnaval-76-convocacao-geral-vol-2-1975","status":"publish","type":"post","link":"https:\/\/www.toque-musicall.com\/?p=5992","title":{"rendered":"Carnaval 76 &#8211; Convoca\u00e7\u00e3o Geral Vol. 2 (1975)"},"content":{"rendered":"<p><img loading=\"lazy\" decoding=\"async\" class=\"aligncenter size-large\" src=\"https:\/\/4.bp.blogspot.com\/-zJQirwg3bU4\/WLV8X_m8f9I\/AAAAAAAAN5c\/H9p4ZR1TYhwCjReGvdoZQMWGRZFf_VfHACLcB\/s640\/cg%2Bf1p.JPG\" width=\"639\" height=\"640\" \/><img loading=\"lazy\" decoding=\"async\" class=\"aligncenter size-large\" src=\"https:\/\/1.bp.blogspot.com\/-VIJNA0FA4qg\/WLV8Xw9EocI\/AAAAAAAAN5Y\/pXAu2YMDB-oPfaSWrX2l9JrQU9uWHa2AwCEw\/s640\/cg%2BB2p.JPG\" width=\"640\" height=\"637\" \/><\/p>\n<p>Na sequencia carnavalesca temos ent\u00e3o o segundo volume do projeto Carnaval 76 &#8211; Convoca\u00e7\u00e3o Geral. Aqui tamb\u00e9m encontramos muita coisa boa, com destaque para S\u00e9rgio Sampaio, com a m\u00fasica &#8220;Cantor de r\u00e1dio&#8221;, que viria no ano seguinte a fazer parte do seu lp &#8220;Sinceramente&#8221;. Tem Maria Alcina com &#8220;Paix\u00e3o malagueta&#8221;, sucesso de v\u00e1rios carnavais, Alceu Valen\u00e7a no frevo &#8220;Pitomba pitombeira&#8221;. Moraes Moreira tamb\u00e9m vem de frevo na m\u00fasica &#8220;Satisfa\u00e7\u00e3o&#8221;. Na contracapa podemos ver ainda a presen\u00e7a de veteranos com Jorge Veiga e Angela Maria. Tom e Dito tamb\u00e9m d\u00e3o o recado na marchinha &#8220;Me larga, me solta, me deixa&#8221;. E ainda, Os Tinco\u00e3s e o maluco Osvaldo Nunes. \u00c9 bom tamb\u00e9m lembrar do grande Waltel Branco, respons\u00e1vel pelos arranjos. Em resumo, um disco muito bom, com artistas de diferentes gravadoras. Puro esp\u00edrito de carnaval.<\/p>\n<div style=\"text-align: center;\">paix\u00e3o malagueta &#8211; maria alcina<\/div>\n<div style=\"text-align: center;\">a choradeira &#8211; oswaldo nunes<\/div>\n<div style=\"text-align: center;\">fazendo tudo &#8211; trama<\/div>\n<div style=\"text-align: center;\">quebra quebra guabiraba &#8211; os tinco\u00e3s<\/div>\n<div style=\"text-align: center;\">pitomba pitombeira &#8211; alceu valen\u00e7a<\/div>\n<div style=\"text-align: center;\">a roupa do gon\u00e7a &#8211; jorge veiga<\/div>\n<div style=\"text-align: center;\">prenda minha no carnaval &#8211; angela maria<\/div>\n<div style=\"text-align: center;\">me larga me solta me deixa &#8211; tom e dito<\/div>\n<div style=\"text-align: center;\">satisfa\u00e7\u00e3o &#8211; moraes moreira<\/div>\n<div style=\"text-align: center;\">cantor de r\u00e1dio &#8211; s\u00e9rgio sampaio<\/div>\n<div style=\"text-align: center;\">carnaval bloco do amor &#8211; renata lu<\/div>\n<p>.<\/p>\n","protected":false},"excerpt":{"rendered":"<p>Na sequencia carnavalesca temos ent\u00e3o o segundo volume do projeto Carnaval 76 &#8211; Convoca\u00e7\u00e3o Geral. Aqui tamb\u00e9m encontramos muita coisa boa, com destaque para S\u00e9rgio Sampaio, com a m\u00fasica &#8220;Cantor de r\u00e1dio&#8221;, que viria no ano seguinte a fazer parte &hellip; <a href=\"https:\/\/www.toque-musicall.com\/?p=5992\">Continue lendo <span class=\"meta-nav\">&rarr;<\/span><\/a><\/p>\n","protected":false},"author":1,"featured_media":0,"comment_status":"open","ping_status":"closed","sticky":false,"template":"","format":"standard","meta":{"footnotes":""},"categories":[1458,199,1131,2040,1103,1578,1215,2856,66,165],"tags":[],"class_list":["post-5992","post","type-post","status-publish","format-standard","hentry","category-alceu-valenca","category-angela-maria","category-jorge-veiga","category-maria-alcina","category-moraes-moreira","category-os-tincoas","category-osvaldo-nunes","category-renata-lu","category-selo-som-livre","category-sergio-sampaio"],"_links":{"self":[{"href":"https:\/\/www.toque-musicall.com\/index.php?rest_route=\/wp\/v2\/posts\/5992","targetHints":{"allow":["GET"]}}],"collection":[{"href":"https:\/\/www.toque-musicall.com\/index.php?rest_route=\/wp\/v2\/posts"}],"about":[{"href":"https:\/\/www.toque-musicall.com\/index.php?rest_route=\/wp\/v2\/types\/post"}],"author":[{"embeddable":true,"href":"https:\/\/www.toque-musicall.com\/index.php?rest_route=\/wp\/v2\/users\/1"}],"replies":[{"embeddable":true,"href":"https:\/\/www.toque-musicall.com\/index.php?rest_route=%2Fwp%2Fv2%2Fcomments&post=5992"}],"version-history":[{"count":1,"href":"https:\/\/www.toque-musicall.com\/index.php?rest_route=\/wp\/v2\/posts\/5992\/revisions"}],"predecessor-version":[{"id":5993,"href":"https:\/\/www.toque-musicall.com\/index.php?rest_route=\/wp\/v2\/posts\/5992\/revisions\/5993"}],"wp:attachment":[{"href":"https:\/\/www.toque-musicall.com\/index.php?rest_route=%2Fwp%2Fv2%2Fmedia&parent=5992"}],"wp:term":[{"taxonomy":"category","embeddable":true,"href":"https:\/\/www.toque-musicall.com\/index.php?rest_route=%2Fwp%2Fv2%2Fcategories&post=5992"},{"taxonomy":"post_tag","embeddable":true,"href":"https:\/\/www.toque-musicall.com\/index.php?rest_route=%2Fwp%2Fv2%2Ftags&post=5992"}],"curies":[{"name":"wp","href":"https:\/\/api.w.org\/{rel}","templated":true}]}}