{"id":5996,"date":"2017-03-02T10:58:35","date_gmt":"2017-03-02T13:58:35","guid":{"rendered":"http:\/\/www.toque-musicall.com\/?p=5996"},"modified":"2017-03-02T10:58:35","modified_gmt":"2017-03-02T13:58:35","slug":"radames-gnatalli-radames-e-sua-bossa-nova-1961","status":"publish","type":"post","link":"https:\/\/www.toque-musicall.com\/?p=5996","title":{"rendered":"Radam\u00e9s Gnatalli &#8211; Radam\u00e9s E Sua Bossa Nova (1961)"},"content":{"rendered":"<p><img loading=\"lazy\" decoding=\"async\" class=\"aligncenter size-large\" src=\"https:\/\/1.bp.blogspot.com\/-miQ65TH4Gb0\/WLgSja1jM8I\/AAAAAAAAN6I\/TmQQr167Ep8Y_iLVjM2hzFoBg_ys3UkyACLcB\/s640\/capa.JPG\" width=\"639\" height=\"640\" \/><img loading=\"lazy\" decoding=\"async\" class=\"aligncenter size-large\" src=\"https:\/\/3.bp.blogspot.com\/-TPvh40fbI-w\/WLgSiRYf3RI\/AAAAAAAAN6E\/lPhUrFoPUJgF1QxKt35WaLsatxwbkoR7gCLcB\/s640\/contra.JPG\" width=\"640\" height=\"639\" \/><\/p>\n<p>Bom dia, amigos cultos e ocultos! Passado o Carnaval, vamos voltar a Bossa Nova, que como sempre d\u00e1 muito ibope. Hoje eu trago para voc\u00eas um raro e quase obscuro disquinho de 7 polegadas, o famoso &#8216;compacto&#8217;. Um disco de 45 rpm (que o torna ainda mais raro) de bossa nova, do grande maestro e precursor do mais famoso g\u00eanero musical brasileiro. Esta pequena preciosidade me foi enviada pelo amigo H\u00e9lio Mauro, a quem eu muito agrade\u00e7o a generosidade. Antes de post\u00e1-lo, procurei dar uma melhorada no som e no GTM voc\u00eas ir\u00e3o encontrar este compacto duplo com suas faixas replicadas, possibilitando assim a escolha entre duas vers\u00f5es de cada faixa.<br \/>\nNeste joinha, vamos encontrar, abrindo o lado A, &#8220;Cheiro de saudade&#8221;, de Djalma Ferreira e Luiz Antonio; &#8220;Chora tua tristeza&#8221;, de Oscar Castro Neves e Luvercy Fiorini; &#8220;Samba de uma nota s\u00f3&#8221;, de Tom Jobim e Newton Mendon\u00e7a e fechando, &#8220;Pior pra voc\u00ea&#8221;, samba de Evaldo Gouveia e Almeida Rego.<br \/>\nComo eu disse, este \u00e9 um compacto bem obscuro, entre a produ\u00e7\u00e3o fonogr\u00e1fica de Radam\u00e9s. Procurei pelos quatro cantos da internet informa\u00e7\u00f5es sobre ele e nada&#8230; Em nenhum dos mais importantes sites sobre o m\u00fasico, sobre seus discos ou sobre a Bossa Nova&#8230; nenhuma refer\u00eancia, exceto as m\u00fasicas que podem ser acessadas no Youtube. Faltou apenas perguntar para a minha fonte onde foi que ele conseguiu o compacto. Assim sendo, at\u00e9 mesmo a data de lan\u00e7amento \u00e9 uma d\u00favida. Considerando alguns diversos fatores, eu deduzi que o disco seja do in\u00edcio dos anos 60. Coloquei 1961 por ser uma data memor\u00e1vel (pelo menos para mim, foi quando eu nasci) e at\u00e9 que me provem o contr\u00e1rio. De resto, oque ainda nos falta s\u00e3o as informa\u00e7\u00f5es art\u00edsticas, a ficha da grava\u00e7\u00e3o confirmando a presen\u00e7a do Chiquinho do Acordeon, Luciano Perrone&#8230; Confiram j\u00e1 no Grupo Toque Musical \ud83d\ude09<\/p>\n<div style=\"text-align: center;\">cheiro de saudade<\/div>\n<div style=\"text-align: center;\">chora tua tristeza<\/div>\n<div style=\"text-align: center;\">samba de uma nota s\u00f3<\/div>\n<div style=\"text-align: center;\">pior pra voc\u00ea<\/div>\n<div style=\"text-align: center;\"><\/div>\n<div style=\"text-align: center;\">.<\/div>\n","protected":false},"excerpt":{"rendered":"<p>Bom dia, amigos cultos e ocultos! Passado o Carnaval, vamos voltar a Bossa Nova, que como sempre d\u00e1 muito ibope. Hoje eu trago para voc\u00eas um raro e quase obscuro disquinho de 7 polegadas, o famoso &#8216;compacto&#8217;. Um disco de &hellip; <a href=\"https:\/\/www.toque-musicall.com\/?p=5996\">Continue lendo <span class=\"meta-nav\">&rarr;<\/span><\/a><\/p>\n","protected":false},"author":1,"featured_media":0,"comment_status":"open","ping_status":"closed","sticky":false,"template":"","format":"standard","meta":{"footnotes":""},"categories":[93,852,396,40],"tags":[],"class_list":["post-5996","post","type-post","status-publish","format-standard","hentry","category-compactos","category-radames-gnatalli","category-radames-gnattali","category-selo-continental"],"_links":{"self":[{"href":"https:\/\/www.toque-musicall.com\/index.php?rest_route=\/wp\/v2\/posts\/5996","targetHints":{"allow":["GET"]}}],"collection":[{"href":"https:\/\/www.toque-musicall.com\/index.php?rest_route=\/wp\/v2\/posts"}],"about":[{"href":"https:\/\/www.toque-musicall.com\/index.php?rest_route=\/wp\/v2\/types\/post"}],"author":[{"embeddable":true,"href":"https:\/\/www.toque-musicall.com\/index.php?rest_route=\/wp\/v2\/users\/1"}],"replies":[{"embeddable":true,"href":"https:\/\/www.toque-musicall.com\/index.php?rest_route=%2Fwp%2Fv2%2Fcomments&post=5996"}],"version-history":[{"count":1,"href":"https:\/\/www.toque-musicall.com\/index.php?rest_route=\/wp\/v2\/posts\/5996\/revisions"}],"predecessor-version":[{"id":5997,"href":"https:\/\/www.toque-musicall.com\/index.php?rest_route=\/wp\/v2\/posts\/5996\/revisions\/5997"}],"wp:attachment":[{"href":"https:\/\/www.toque-musicall.com\/index.php?rest_route=%2Fwp%2Fv2%2Fmedia&parent=5996"}],"wp:term":[{"taxonomy":"category","embeddable":true,"href":"https:\/\/www.toque-musicall.com\/index.php?rest_route=%2Fwp%2Fv2%2Fcategories&post=5996"},{"taxonomy":"post_tag","embeddable":true,"href":"https:\/\/www.toque-musicall.com\/index.php?rest_route=%2Fwp%2Fv2%2Ftags&post=5996"}],"curies":[{"name":"wp","href":"https:\/\/api.w.org\/{rel}","templated":true}]}}