{"id":5998,"date":"2017-03-12T23:43:09","date_gmt":"2017-03-13T02:43:09","guid":{"rendered":"http:\/\/www.toque-musicall.com\/?p=5998"},"modified":"2017-03-12T23:43:09","modified_gmt":"2017-03-13T02:43:09","slug":"luiz-eca-jerzy-milewski-ensemble-duas-suites-instrumentais-1988","status":"publish","type":"post","link":"https:\/\/www.toque-musicall.com\/?p=5998","title":{"rendered":"Luiz E\u00e7a &#038; Jerzy Milewski Ensemble &#8211; Duas Su\u00edtes Instrumentais (1988)"},"content":{"rendered":"<p><img loading=\"lazy\" decoding=\"async\" class=\"aligncenter size-large\" src=\"https:\/\/1.bp.blogspot.com\/-IsMdl53luOQ\/WMYEu5wcr4I\/AAAAAAAAN7g\/UMnBJ5uXXyUaPsw3_XxS-p95myvwvIeawCLcB\/s640\/capaF.JPG\" width=\"637\" height=\"640\" \/><img loading=\"lazy\" decoding=\"async\" class=\"aligncenter size-large\" src=\"https:\/\/2.bp.blogspot.com\/-jnwuJZ97Fos\/WMYEuxK1EDI\/AAAAAAAAN7k\/_Wyne8RHEgIagnIVi5A4CSD-TX6xSrkywCLcB\/s640\/contra%2BB.JPG\" width=\"640\" height=\"632\" \/><\/p>\n<p>Ap\u00f3s os dois volumes de \u201cPiano e cordas\u201d, o TM tem a honra de oferecer a seus amigos cultos, ocultos e associados mais um primoroso trabalho de Luiz E\u00e7a (1936-1992), m\u00fasico, arranjador e compositor que deu extraordin\u00e1rias contribui\u00e7\u00f5es para a nossa m\u00fasica. E desta vez ele est\u00e1 muit\u00edssimo bem acompanhado, ao lado do violinista Jerzy Milewski, polon\u00eas de Vars\u00f3via, nascido a 17 de setembro de 1946 e naturalizado brasileiro. Milewski come\u00e7ou sua carreira bem cedo, aos seis anos de idade. Graduou-se pela Academia de M\u00fasica de Vars\u00f3via, onde tamb\u00e9m fez um mestrado. Foi solista e membro da Orquestra de C\u00e2mara da Filarm\u00f4nica Nacional da Pol\u00f4nia, com a qual tocou, na Europa, Am\u00e9rica e \u00c1sia. Recebeu do governo polon\u00eas a Medalha Henryk Wienawski. Em 1968, conheceu, em sua Pol\u00f4nia natal, a pianista brasileira Aleida Schweitzer, com quem se casou, e ambos residem no Brasil desde 1971. Aqui gravou \u00e1lbuns diversos interpretando composi\u00e7\u00f5es de \u201ccobras\u201d da MPB, como Djavan e M\u00edlton Nascimento. Tamb\u00e9m faz apresenta\u00e7\u00f5es divulgando obras de compositores poloneses para o p\u00fablico brasileiro, sempre acompanhado ao piano pela esposa, com a qual forma o Milewski Duo. Al\u00e9m disso, faz \u201cConcertos Did\u00e1ticos\u201d em escolas e universidades, mas tamb\u00e9m com crian\u00e7as da mais tenra idade. \u00c0s vezes \u00e9 solicitado para ser jurado em concursos internacionais, e seu curr\u00edculo ainda inclui turn\u00eas pelo Canad\u00e1 (1998-99) e Escandin\u00e1via (1999-2000). Este \u201cEnsemble \u2013 Duas su\u00edtes instrumentais de Luiz E\u00e7a\u201d, no qual o violino de Jerzy Milewski se une ao piano do not\u00e1vel m\u00fasico brasileiro, \u00e9 um ponto alt\u00edssimo na discografia de ambos. Produzido por Milewski, com a participa\u00e7\u00e3o do baterista e percussionista\u00a0 Robertinho Silva, e do contrabaixista Luiz Alves, e editado com o selo JAM, pertencente ao violinista, \u00e9 um trabalho que contou com o patroc\u00ednio da Nestl\u00e9, empresa aliment\u00edcia de origem su\u00ed\u00e7a, que se instalou no Brasil no in\u00edcio do s\u00e9culo passado. O resultado n\u00e3o poderia ser outro: um LP de indiscut\u00edvel qualidade t\u00e9cnica e art\u00edstica, muit\u00edssimo bem cuidado.\u00a0 A parte gr\u00e1fica tamb\u00e9m merece destaque, com a capa dupla repleta de informa\u00e7\u00f5es sobre os int\u00e9rpretes, os m\u00fasicos acompanhantes e o \u00e1lbum em si. \u00c9 mais um trabalho primoroso que o TM orgulhosamente nos apresenta, digno de figurar no acervo de todos os que apreciam a melhor m\u00fasica instrumental do Brasil.<\/p>\n<p style=\"text-align: center;\">duro na queda<\/p>\n<p style=\"text-align: center;\">imagem<\/p>\n<p style=\"text-align: center;\">alegria de viver<\/p>\n<p style=\"text-align: center;\">sempre ser\u00e1<\/p>\n<p style=\"text-align: center;\">daniele07<\/p>\n<p style=\"text-align: center;\">l\u00e1 vamos n\u00f3s<\/p>\n<p style=\"text-align: center;\">tranquilamente<\/p>\n<p style=\"text-align: center;\">dolphin<\/p>\n<p style=\"text-align: center;\">tr\u00eas minutos para aviso importante<\/p>\n<p style=\"text-align: center;\">melancolia<\/p>\n<p style=\"text-align: center;\">mestre bimba<\/p>\n<p>*Texto de Samuel Machado Filho<\/p>\n","protected":false},"excerpt":{"rendered":"<p>Ap\u00f3s os dois volumes de \u201cPiano e cordas\u201d, o TM tem a honra de oferecer a seus amigos cultos, ocultos e associados mais um primoroso trabalho de Luiz E\u00e7a (1936-1992), m\u00fasico, arranjador e compositor que deu extraordin\u00e1rias contribui\u00e7\u00f5es para a &hellip; <a href=\"https:\/\/www.toque-musicall.com\/?p=5998\">Continue lendo <span class=\"meta-nav\">&rarr;<\/span><\/a><\/p>\n","protected":false},"author":1,"featured_media":0,"comment_status":"open","ping_status":"closed","sticky":false,"template":"","format":"standard","meta":{"footnotes":""},"categories":[1464,25],"tags":[],"class_list":["post-5998","post","type-post","status-publish","format-standard","hentry","category-luiz-eca","category-selo-independente"],"_links":{"self":[{"href":"https:\/\/www.toque-musicall.com\/index.php?rest_route=\/wp\/v2\/posts\/5998","targetHints":{"allow":["GET"]}}],"collection":[{"href":"https:\/\/www.toque-musicall.com\/index.php?rest_route=\/wp\/v2\/posts"}],"about":[{"href":"https:\/\/www.toque-musicall.com\/index.php?rest_route=\/wp\/v2\/types\/post"}],"author":[{"embeddable":true,"href":"https:\/\/www.toque-musicall.com\/index.php?rest_route=\/wp\/v2\/users\/1"}],"replies":[{"embeddable":true,"href":"https:\/\/www.toque-musicall.com\/index.php?rest_route=%2Fwp%2Fv2%2Fcomments&post=5998"}],"version-history":[{"count":1,"href":"https:\/\/www.toque-musicall.com\/index.php?rest_route=\/wp\/v2\/posts\/5998\/revisions"}],"predecessor-version":[{"id":5999,"href":"https:\/\/www.toque-musicall.com\/index.php?rest_route=\/wp\/v2\/posts\/5998\/revisions\/5999"}],"wp:attachment":[{"href":"https:\/\/www.toque-musicall.com\/index.php?rest_route=%2Fwp%2Fv2%2Fmedia&parent=5998"}],"wp:term":[{"taxonomy":"category","embeddable":true,"href":"https:\/\/www.toque-musicall.com\/index.php?rest_route=%2Fwp%2Fv2%2Fcategories&post=5998"},{"taxonomy":"post_tag","embeddable":true,"href":"https:\/\/www.toque-musicall.com\/index.php?rest_route=%2Fwp%2Fv2%2Ftags&post=5998"}],"curies":[{"name":"wp","href":"https:\/\/api.w.org\/{rel}","templated":true}]}}