{"id":600,"date":"2010-12-23T22:00:00","date_gmt":"2010-12-23T22:00:00","guid":{"rendered":"http:\/\/www.toque-musicall.com\/?p=600"},"modified":"2010-12-23T22:00:00","modified_gmt":"2010-12-23T22:00:00","slug":"tonico-tinoco-a-saudade-vai-1961","status":"publish","type":"post","link":"https:\/\/www.toque-musicall.com\/?p=600","title":{"rendered":"Tonico &#038; Tinoco &#8211; A Saudade Vai&#8230;(1961)"},"content":{"rendered":"<p><a href=\"http:\/\/4.bp.blogspot.com\/_DSKVEvHtskc\/TRPGorpIuYI\/AAAAAAAAHcQ\/8YfhMrkkELs\/s1600\/Tonico+e+Tinoco+-+a+saudade+vai...+P.JPG\"><img decoding=\"async\" style=\"TEXT-ALIGN: center; MARGIN: 0px auto 10px; WIDTH: 400px; DISPLAY: block; HEIGHT: 396px; CURSOR: hand\" id=\"BLOGGER_PHOTO_ID_5554001167690283394\" border=\"0\" alt=\"\" src=\"http:\/\/4.bp.blogspot.com\/_DSKVEvHtskc\/TRPGorpIuYI\/AAAAAAAAHcQ\/8YfhMrkkELs\/s400\/Tonico+e+Tinoco+-+a+saudade+vai...+P.JPG\" \/><\/a>A saudade vai&#8230; vai ficar no meu cora\u00e7\u00e3o. Justo no momento em que eu me preparava para fazer esta postagem, recebi a not\u00edcia do falecimento da minha tia-m\u00e3e. Sinceramente n\u00e3o sei dizer o que eu estou sentido neste momento. H\u00e1, sem d\u00favida um bocado de tristeza e aquele sentimento da perda de algu\u00e9m que n\u00e3o volta mais. Por\u00e9m, depois de ter presenciado os seus \u00faltimos oito anos presos numa cama, ap\u00f3s um AVC, e mais ainda, seu mart\u00edrio final neste \u00faltimo ano, sinto agora um al\u00edvio, uma paz&#8230; Sinto que Deus atendeu \u00e0s minhas preces. Nunca pensei que um dia eu iria desejar a morte de uma pessoa, mais ainda de algu\u00e9m que eu amo tanto. Mas tem sido este o meu pedido ao Papai do C\u00e9u. Foi este o meu presente de Papai Noel.<br \/>A escolha deste disco n\u00e3o tem nada a ver com a situa\u00e7\u00e3o. Nem sei se minha tia gostava da dupla sertaneja Tonico e Tinoco. Mesmo assim resolvi manter o \u00e1lbum programado, pois vejo nele muita coisa em comum com este meu sentimento, um misto de alegria e tristeza.<br \/>&#8220;A saudade vai&#8230;&#8221; foi um \u00e1lbum de muito sucesso lan\u00e7ado pela dupla em 1961. Em 1964 ele foi novamente reeditado pelo selo Chantecler, dedicado \u00e0 m\u00fasica caipira. A vers\u00e3o cd saiu em 2005 numa edi\u00e7\u00e3o muito limitada, a qual j\u00e1 se encontra esgotada.<\/p>\n<div align=\"center\">a saudade vai&#8230;<\/div>\n<div align=\"center\">brasil sertanejo<\/div>\n<div align=\"center\">gaucho alegre<\/div>\n<div align=\"center\">z\u00e9 da carolina<\/div>\n<div align=\"center\">tempo b\u00e3o<\/div>\n<div align=\"center\">quere bem<\/div>\n<div align=\"center\">jo\u00e3o boiadeiro<\/div>\n<div align=\"center\">tarde janera<\/div>\n<div align=\"center\">sonho de caboclo<\/div>\n<div align=\"center\">pi\u00e3o arrespeitado<\/div>\n<div align=\"center\">v\u00e9io carreiro<\/div>\n<div align=\"center\">carta de caboclo<\/div>\n","protected":false},"excerpt":{"rendered":"<p>A saudade vai&#8230; vai ficar no meu cora\u00e7\u00e3o. Justo no momento em que eu me preparava para fazer esta postagem, recebi a not\u00edcia do falecimento da minha tia-m\u00e3e. Sinceramente n\u00e3o sei dizer o que eu estou sentido neste momento. H\u00e1, &hellip; <a href=\"https:\/\/www.toque-musicall.com\/?p=600\">Continue lendo <span class=\"meta-nav\">&rarr;<\/span><\/a><\/p>\n","protected":false},"author":1,"featured_media":0,"comment_status":"open","ping_status":"closed","sticky":false,"template":"","format":"standard","meta":{"footnotes":""},"categories":[892],"tags":[],"class_list":["post-600","post","type-post","status-publish","format-standard","hentry","category-tonico-e-tinoco"],"_links":{"self":[{"href":"https:\/\/www.toque-musicall.com\/index.php?rest_route=\/wp\/v2\/posts\/600","targetHints":{"allow":["GET"]}}],"collection":[{"href":"https:\/\/www.toque-musicall.com\/index.php?rest_route=\/wp\/v2\/posts"}],"about":[{"href":"https:\/\/www.toque-musicall.com\/index.php?rest_route=\/wp\/v2\/types\/post"}],"author":[{"embeddable":true,"href":"https:\/\/www.toque-musicall.com\/index.php?rest_route=\/wp\/v2\/users\/1"}],"replies":[{"embeddable":true,"href":"https:\/\/www.toque-musicall.com\/index.php?rest_route=%2Fwp%2Fv2%2Fcomments&post=600"}],"version-history":[{"count":0,"href":"https:\/\/www.toque-musicall.com\/index.php?rest_route=\/wp\/v2\/posts\/600\/revisions"}],"wp:attachment":[{"href":"https:\/\/www.toque-musicall.com\/index.php?rest_route=%2Fwp%2Fv2%2Fmedia&parent=600"}],"wp:term":[{"taxonomy":"category","embeddable":true,"href":"https:\/\/www.toque-musicall.com\/index.php?rest_route=%2Fwp%2Fv2%2Fcategories&post=600"},{"taxonomy":"post_tag","embeddable":true,"href":"https:\/\/www.toque-musicall.com\/index.php?rest_route=%2Fwp%2Fv2%2Ftags&post=600"}],"curies":[{"name":"wp","href":"https:\/\/api.w.org\/{rel}","templated":true}]}}