{"id":6007,"date":"2017-03-15T00:41:11","date_gmt":"2017-03-15T03:41:11","guid":{"rendered":"http:\/\/www.toque-musicall.com\/?p=6007"},"modified":"2017-03-20T21:24:53","modified_gmt":"2017-03-21T00:24:53","slug":"orquestra-radio-sambolandia-1958","status":"publish","type":"post","link":"https:\/\/www.toque-musicall.com\/?p=6007","title":{"rendered":"Orquestra R\u00e1dio &#8211; Sambolandia (1958)"},"content":{"rendered":"<p><img loading=\"lazy\" decoding=\"async\" class=\"aligncenter size-large\" src=\"https:\/\/4.bp.blogspot.com\/-D7YgLw0mgYQ\/WM9OLPFZjSI\/AAAAAAAAN8k\/eWiItErqvuADPzRvkyVe1PB8eWprRKQ4gCLcB\/s640\/capap.JPG\" width=\"640\" height=\"639\" \/><img loading=\"lazy\" decoding=\"async\" class=\"aligncenter size-large\" src=\"https:\/\/2.bp.blogspot.com\/-7f7r64P9HRY\/WM9OLXMNfxI\/AAAAAAAAN8o\/Pg54eSzJ23ovSj91LtxwEE-6zN5p5x2cgCLcB\/s640\/contrap.JPG\" width=\"639\" height=\"640\" \/><\/p>\n<p>Ritmo brasileiro por excel\u00eancia, o samba \u00e9 a atra\u00e7\u00e3o deste fascinante \u00e1lbum que o TM oferece hoje a seus amigos cultos, ocultos e associados. Ele foi lan\u00e7ado em 1958 por uma gravadora que lan\u00e7ou exclusivamente \u201clong-playings\u201d, a R\u00e1dio. A empresa originou-se da R\u00e1dio Servi\u00e7os e Propaganda, e teve at\u00e9 sua pr\u00f3pria f\u00e1brica, na cidade de Petr\u00f3polis, regi\u00e3o serrana fluminense, dispondo at\u00e9 de uma gr\u00e1fica para imprimir as capas de seus vinis. Foi l\u00e1 que o pianista Waldyr Calmon lan\u00e7ou seu primeiro LP, o dez polegadas \u201cRitmos mel\u00f3dicos\u201d, embri\u00e3o de outras s\u00e9ries de \u00e1lbuns que gravaria nos anos seguintes, como \u201cFeito para dan\u00e7ar\u201d e \u201cPara ouvir amando\u201d.\u00a0 Outros cantores e instrumentistas tamb\u00e9m lan\u00e7aram LPs pela R\u00e1dio, tais como S\u00edlvio Caldas, On\u00e9ssimo Gomes, Trio Nag\u00f4, Mar\u00edlia Batista (que gravou o primeiro \u00e1lbum da hist\u00f3ria da R\u00e1dio, \u201cPoeta da Vila n\u00famero 1\u201d, em 1952), Edu da Gaita, Claudionor Cruz, Fats Elp\u00eddio, Raul de Barros e o Conjunto Farroupilha. A dire\u00e7\u00e3o musical da R\u00e1dio estava a cargo do maestro e compositor Aldo Taranto, sobre quem pouca coisa se sabe. Ele nasceu no Rio de Janeiro, em 8 de novembro de 1906, e, como compositor, fez m\u00fasicas em parceria com M\u00e1rio Rossi, Oswaldo Santiago, Ary Barroso, Walfrido Silva e Andr\u00e9 Filho. Suas obras foram gravadas por in\u00fameros cantores de express\u00e3o, como S\u00edlvio Caldas, Gast\u00e3o Formenti, C\u00e1rmen Miranda, Dircinha Batista, Moreira da Silva e \u00c2ngela Maria. \u00c9 justamente Aldo Taranto o respons\u00e1vel pelas orquestra\u00e7\u00f5es e reg\u00eancias do disco que o TM hoje nos oferece, parte de uma s\u00e9rie da R\u00e1dio denominada \u201cDiscos para dan\u00e7ar\u201d. O t\u00edtulo, \u201cSambol\u00e2ndia\u201d, deixa bem claro o conte\u00fado. \u00c9 um LP composto exclusivamente de sambas, e, conforme registra a contracapa, foi gravado por solicita\u00e7\u00e3o dos donos de lojas de discos, que ent\u00e3o recebiam a visita de in\u00fameros turistas que procuravam \u00e1lbuns de samba. Evidentemente, a R\u00e1dio atendeu\u00a0 a tais solicita\u00e7\u00f5es, e o resultado, primoroso, a\u00ed est\u00e1. Foram escolhidos dez cl\u00e1ssicos samb\u00edsticos, bastante conhecidos at\u00e9 hoje. E o mestre de Ub\u00e1, Ary Barroso, assina a metade das faixas, quer dizer, cinco: \u201cEu nasci no morro\u201d, \u2018Pra machucar meu cora\u00e7\u00e3o\u201d,\u201dMorena boca de ouro\u201d, \u201cRio\u201d e \u201cFaixa de cetim\u201d. No repert\u00f3rio tamb\u00e9m est\u00e1 \u201cN\u00e3o tenho l\u00e1grimas\u201d, de Max Bulh\u00f5es e M\u00edlton de Oliveira, que, curiosamente, seria sucesso internacional um ano depois, ao ser gravado em portugu\u00eas pelo norte-americano Nat King Cole durante temporada no Brasil. \u201cAbre a janela\u201d, \u201cN\u00eaga maluca\u201d, \u201c\u00c9 Bom parar\u201d e \u201cSe algu\u00e9m disse\u201d completam este trabalho dedicado ao samba, com orquestra\u00e7\u00f5es vibrantes e expressivas. Portanto, este trabalho hoje oferecido pelo TM \u00e9 uma deliciosa viagem ao alegre mundo da \u201cSambol\u00e2ndia\u201d. Apertem os cintos e divirtam-se, ouvindo e dan\u00e7ando estes sambas cl\u00e1ssicos e antol\u00f3gicos!<\/p>\n<p style=\"text-align: center;\">abre a janela<\/p>\n<p style=\"text-align: center;\">n\u00eaga maluca<\/p>\n<p style=\"text-align: center;\">se algu\u00e9m disse<\/p>\n<p style=\"text-align: center;\">eu nasci no morro<\/p>\n<p style=\"text-align: center;\">pra machucar meu cora\u00e7\u00e3o<\/p>\n<p style=\"text-align: center;\">morena boca de ouro<\/p>\n<p style=\"text-align: center;\">n\u00e3o tenho l\u00e1grimas<\/p>\n<p style=\"text-align: center;\">\u00e9 bom parar<\/p>\n<p style=\"text-align: center;\">rio<\/p>\n<p style=\"text-align: center;\">faixa de cetim<\/p>\n<p>*Texto de Samuel Machado Filho<\/p>\n","protected":false},"excerpt":{"rendered":"<p>Ritmo brasileiro por excel\u00eancia, o samba \u00e9 a atra\u00e7\u00e3o deste fascinante \u00e1lbum que o TM oferece hoje a seus amigos cultos, ocultos e associados. Ele foi lan\u00e7ado em 1958 por uma gravadora que lan\u00e7ou exclusivamente \u201clong-playings\u201d, a R\u00e1dio. A empresa &hellip; <a href=\"https:\/\/www.toque-musicall.com\/?p=6007\">Continue lendo <span class=\"meta-nav\">&rarr;<\/span><\/a><\/p>\n","protected":false},"author":1,"featured_media":0,"comment_status":"open","ping_status":"closed","sticky":false,"template":"","format":"standard","meta":{"footnotes":""},"categories":[2857,221],"tags":[],"class_list":["post-6007","post","type-post","status-publish","format-standard","hentry","category-orquestra-radio","category-selo-radio"],"_links":{"self":[{"href":"https:\/\/www.toque-musicall.com\/index.php?rest_route=\/wp\/v2\/posts\/6007","targetHints":{"allow":["GET"]}}],"collection":[{"href":"https:\/\/www.toque-musicall.com\/index.php?rest_route=\/wp\/v2\/posts"}],"about":[{"href":"https:\/\/www.toque-musicall.com\/index.php?rest_route=\/wp\/v2\/types\/post"}],"author":[{"embeddable":true,"href":"https:\/\/www.toque-musicall.com\/index.php?rest_route=\/wp\/v2\/users\/1"}],"replies":[{"embeddable":true,"href":"https:\/\/www.toque-musicall.com\/index.php?rest_route=%2Fwp%2Fv2%2Fcomments&post=6007"}],"version-history":[{"count":2,"href":"https:\/\/www.toque-musicall.com\/index.php?rest_route=\/wp\/v2\/posts\/6007\/revisions"}],"predecessor-version":[{"id":6009,"href":"https:\/\/www.toque-musicall.com\/index.php?rest_route=\/wp\/v2\/posts\/6007\/revisions\/6009"}],"wp:attachment":[{"href":"https:\/\/www.toque-musicall.com\/index.php?rest_route=%2Fwp%2Fv2%2Fmedia&parent=6007"}],"wp:term":[{"taxonomy":"category","embeddable":true,"href":"https:\/\/www.toque-musicall.com\/index.php?rest_route=%2Fwp%2Fv2%2Fcategories&post=6007"},{"taxonomy":"post_tag","embeddable":true,"href":"https:\/\/www.toque-musicall.com\/index.php?rest_route=%2Fwp%2Fv2%2Ftags&post=6007"}],"curies":[{"name":"wp","href":"https:\/\/api.w.org\/{rel}","templated":true}]}}