{"id":603,"date":"2010-12-21T10:11:00","date_gmt":"2010-12-21T10:11:00","guid":{"rendered":"http:\/\/www.toque-musicall.com\/?p=603"},"modified":"2010-12-21T10:11:00","modified_gmt":"2010-12-21T10:11:00","slug":"o-marginal-tso-1974","status":"publish","type":"post","link":"https:\/\/www.toque-musicall.com\/?p=603","title":{"rendered":"O Marginal &#8211; TSO (1974)"},"content":{"rendered":"<p><a href=\"http:\/\/2.bp.blogspot.com\/_DSKVEvHtskc\/TRCDxNk_A_I\/AAAAAAAAHbs\/RvEw3g9RDVE\/s1600\/o+marginal+F2.jpg\"><img decoding=\"async\" style=\"TEXT-ALIGN: center; MARGIN: 0px auto 10px; WIDTH: 400px; DISPLAY: block; HEIGHT: 398px; CURSOR: hand\" id=\"BLOGGER_PHOTO_ID_5553083222029435890\" border=\"0\" alt=\"\" src=\"http:\/\/2.bp.blogspot.com\/_DSKVEvHtskc\/TRCDxNk_A_I\/AAAAAAAAHbs\/RvEw3g9RDVE\/s400\/o+marginal+F2.jpg\" \/><\/a> Bom dia, amigos cultos e ocultos! Hoje eu vou tomar o dia para postar compactos. Come\u00e7o com este, um compacto simples lan\u00e7ado em 1974, trazendo a m\u00fasica tema do filme &#8220;O marginal&#8221;, dirigido por Carlos Manga, tamb\u00e9m lan\u00e7ado naquele ano. Esta m\u00fasica \u00e9 de autoria de Roberto e Erasmo Carlos. Aqui ela \u00e9 interpretada em duas vers\u00f5es, com o cantor Wilson Miranda e instrumental com a Orquestra de Chico Moraes.<br \/>O filme eu assisti uma vez, mas n\u00e3o me lembro mais da hist\u00f3ria. Sei que se trata de um policial, tendo o ator Tarc\u00edsio Meira como o protagonista, fazendo o papel de um criminoso. O roteiro, segundo contam, foi escrito por Manga, Dias Gomes e Lauro Cesar Muniz. Este \u00faltimo se inspirou na trama para criar a hist\u00f3ria da novela &#8220;Escalada&#8221;, da Globo no ano seguinte.<br \/>Confiram a\u00ed&#8230; mais tarde tem mais&#8230;<\/p>\n<div align=\"center\">o marginal &#8211; wilson miranda<\/div>\n<div align=\"center\">o marginal &#8211; orquestra de chico moraes<\/div>\n<div align=\"center\"> <\/div>\n<div align=\"center\"> <\/div>\n","protected":false},"excerpt":{"rendered":"<p>Bom dia, amigos cultos e ocultos! Hoje eu vou tomar o dia para postar compactos. Come\u00e7o com este, um compacto simples lan\u00e7ado em 1974, trazendo a m\u00fasica tema do filme &#8220;O marginal&#8221;, dirigido por Carlos Manga, tamb\u00e9m lan\u00e7ado naquele ano. &hellip; <a href=\"https:\/\/www.toque-musicall.com\/?p=603\">Continue lendo <span class=\"meta-nav\">&rarr;<\/span><\/a><\/p>\n","protected":false},"author":1,"featured_media":0,"comment_status":"open","ping_status":"closed","sticky":false,"template":"","format":"standard","meta":{"footnotes":""},"categories":[895,346,894],"tags":[],"class_list":["post-603","post","type-post","status-publish","format-standard","hentry","category-o-marginal","category-trilhas","category-wilson-miranda"],"_links":{"self":[{"href":"https:\/\/www.toque-musicall.com\/index.php?rest_route=\/wp\/v2\/posts\/603","targetHints":{"allow":["GET"]}}],"collection":[{"href":"https:\/\/www.toque-musicall.com\/index.php?rest_route=\/wp\/v2\/posts"}],"about":[{"href":"https:\/\/www.toque-musicall.com\/index.php?rest_route=\/wp\/v2\/types\/post"}],"author":[{"embeddable":true,"href":"https:\/\/www.toque-musicall.com\/index.php?rest_route=\/wp\/v2\/users\/1"}],"replies":[{"embeddable":true,"href":"https:\/\/www.toque-musicall.com\/index.php?rest_route=%2Fwp%2Fv2%2Fcomments&post=603"}],"version-history":[{"count":0,"href":"https:\/\/www.toque-musicall.com\/index.php?rest_route=\/wp\/v2\/posts\/603\/revisions"}],"wp:attachment":[{"href":"https:\/\/www.toque-musicall.com\/index.php?rest_route=%2Fwp%2Fv2%2Fmedia&parent=603"}],"wp:term":[{"taxonomy":"category","embeddable":true,"href":"https:\/\/www.toque-musicall.com\/index.php?rest_route=%2Fwp%2Fv2%2Fcategories&post=603"},{"taxonomy":"post_tag","embeddable":true,"href":"https:\/\/www.toque-musicall.com\/index.php?rest_route=%2Fwp%2Fv2%2Ftags&post=603"}],"curies":[{"name":"wp","href":"https:\/\/api.w.org\/{rel}","templated":true}]}}