{"id":6046,"date":"2017-04-11T09:39:58","date_gmt":"2017-04-11T12:39:58","guid":{"rendered":"http:\/\/www.toque-musicall.com\/?p=6046"},"modified":"2017-04-16T09:42:05","modified_gmt":"2017-04-16T12:42:05","slug":"som-3-1966","status":"publish","type":"post","link":"https:\/\/www.toque-musicall.com\/?p=6046","title":{"rendered":"Som 3 (1966)"},"content":{"rendered":"<p><img loading=\"lazy\" decoding=\"async\" class=\"aligncenter size-large\" src=\"https:\/\/1.bp.blogspot.com\/-epUeKn5wIDc\/WPNj_ZykF4I\/AAAAAAAAODc\/hCuFYSJOTCox2v92H8b0WLQ6EAPrDuzcgCEw\/s640\/1p.JPG\" width=\"640\" height=\"640\" \/><img loading=\"lazy\" decoding=\"async\" class=\"aligncenter size-large\" src=\"https:\/\/1.bp.blogspot.com\/-QWXcto_jGJY\/WPNkAdD1LoI\/AAAAAAAAODg\/lBjBfoRQvLQ0ubTqMKR3ShAAnrL8t2pegCEw\/s640\/3p.JPG\" width=\"638\" height=\"640\" \/><\/p>\n<p>\u00c9 indiscut\u00edvel a contribui\u00e7\u00e3o dada \u00e0 m\u00fasica popular brasileira por C\u00e9sar Camargo Mariano, m\u00fasico, arranjador, compositor, produtor, diretor musical e empres\u00e1rio de renome internacional. Nascido em S\u00e3o Paulo, a 19 de setembro de 1943, C\u00e9sar come\u00e7ou a tocar piano por conta pr\u00f3pria, e, aos 14 anos, passaria a ser apresentado como \u201cmenino prod\u00edgio\u201d em espet\u00e1culos no qual acompanhava bandas de jazz. Logo em seguida, fez amizade com Johnny Alf, que o incentivou a estudar harmonia, arranjo e composi\u00e7\u00e3o. Ao longo de sua vitoriosa carreira, C\u00e9sar Camargo Mariano foi agraciado com v\u00e1rios pr\u00eamios, como o Sharp e o Grammy Awards, foi jurado de festivais de m\u00fasica, apresentador de TV (comandou o musical \u201cUm toque de classe\u201d, na extinta Rede Manchete), comp\u00f4s jingles publicit\u00e1rios, foi o primeiro a utilizar teclado sintetizador em arranjos musicais e acompanhou in\u00fameros astros de nossa m\u00fasica popular, sobretudo Elis Regina, com quem se casou e estabeleceu marcante parceria em shows e discos. Desse enlace matrimonial, voc\u00eas sabem, resultaram dois filhos, hoje tamb\u00e9m cantores, Pedro Mariano e Maria Rita. C\u00e9sar reside nos EUA desde 1994, mas continua em contato permanente com os maiores nomes da nossa m\u00fasica popular, dirigindo e produzindo discos e espet\u00e1culos. \u00a0C\u00e9sar Camargo Mariano come\u00e7ou a atuar como m\u00fasico profissional na orquestra de William Furneaux, e, em 1962, formou o grupo Tr\u00eas Am\u00e9ricas, que tocava em festas e bailes. Um ano mais tarde, integra o Quarteto Sab\u00e1, com quem grava o primeiro LP. Em seguida, ao lado de A\u00edrto Moreira e Humberto Claiber, forma o Sambalan\u00e7o Trio, que grava um \u00e1lbum com o cantor e dan\u00e7arino Lennie Dale, e ganha pr\u00eamios. Contratado pela antiga TV Record de S\u00e3o Paulo, passa a se apresentar com um novo grupo, o Som Tr\u00eas, ao lado de Sab\u00e1 no contrabaixo e Antoninho Pinheiro na bateria, os dois \u00faltimos egressos do Jongo Trio, com o qual grava cinco LPs, sem contar um ao vivo, em que acompanharam o grande e inesquec\u00edvel Wilson Simonal. E \u00e9 justamente o primeir\u00edssimo \u00e1lbum do Som Tr\u00eas, lan\u00e7ado em 1966 pela Som Maior, selo que pertencia ao grupo RGE-Fermata, que o TM oferece hoje, em grande estilo, a seus amigos cultos, ocultos e associados. Nas onze faixas deste trabalho, h\u00e1 trabalhos autorais dos pr\u00f3prios integrantes (\u201cSamblues\u201d, \u201cTema 3\u201d, \u201cCristina\u201d, \u201cMargarida B\u201d, de C\u00e9sar, e \u201cUm minuto\u201d, de Sab\u00e1 e Antoninho), sucessos da ocasi\u00e3o (\u201cO morro n\u00e3o tem vez\u201d, \u201cCanto de ossanha\u201d, \u201cO bolo\u201d) e composi\u00e7\u00f5es de Lula Freire com parceiros (\u201cCidade vazia\u201d, com Baden Powell, e \u201cDeixa pra l\u00e1\u201d, com S\u00e9rgio Augusto), al\u00e9m do cl\u00e1ssico \u201cNa Baixa do Sapateiro\u201d, do mestre Ary Barroso.\u00a0 Tudo isso criando, conforme diz a contracapa, uma personalidade musical exatamente como\u00a0 exigia o gosto do p\u00fablico musical dessa \u00e9poca, com execu\u00e7\u00f5es primorosas. Portanto, este primeiro LP do Som Tr\u00eas \u00e9 mais um trabalho de qualidade que o TM possui a grata satisfa\u00e7\u00e3o de oferecer, simbolizando uma significativa parcela do melhor da m\u00fasica instrumental brasileira.<\/p>\n<div style=\"text-align: center;\">samblues<\/div>\n<div style=\"text-align: center;\">canto de ossanha<\/div>\n<div style=\"text-align: center;\">na baixa do sapateiro<\/div>\n<div style=\"text-align: center;\">o bolo<\/div>\n<div style=\"text-align: center;\">um minuto<\/div>\n<div style=\"text-align: center;\">cidade vazia<\/div>\n<div style=\"text-align: center;\">deixa pra l\u00e1<\/div>\n<div style=\"text-align: center;\">tema 3<\/div>\n<div style=\"text-align: center;\">cristina<\/div>\n<div style=\"text-align: center;\">o morro n\u00e3o tem vez<\/div>\n<div style=\"text-align: center;\">margarida b<\/div>\n<p>*Texto de Samuel Machado Filho<\/p>\n","protected":false},"excerpt":{"rendered":"<p>\u00c9 indiscut\u00edvel a contribui\u00e7\u00e3o dada \u00e0 m\u00fasica popular brasileira por C\u00e9sar Camargo Mariano, m\u00fasico, arranjador, compositor, produtor, diretor musical e empres\u00e1rio de renome internacional. Nascido em S\u00e3o Paulo, a 19 de setembro de 1943, C\u00e9sar come\u00e7ou a tocar piano por &hellip; <a href=\"https:\/\/www.toque-musicall.com\/?p=6046\">Continue lendo <span class=\"meta-nav\">&rarr;<\/span><\/a><\/p>\n","protected":false},"author":1,"featured_media":0,"comment_status":"open","ping_status":"closed","sticky":false,"template":"","format":"standard","meta":{"footnotes":""},"categories":[2178,1995],"tags":[],"class_list":["post-6046","post","type-post","status-publish","format-standard","hentry","category-selo-som-maior","category-som-tres"],"_links":{"self":[{"href":"https:\/\/www.toque-musicall.com\/index.php?rest_route=\/wp\/v2\/posts\/6046","targetHints":{"allow":["GET"]}}],"collection":[{"href":"https:\/\/www.toque-musicall.com\/index.php?rest_route=\/wp\/v2\/posts"}],"about":[{"href":"https:\/\/www.toque-musicall.com\/index.php?rest_route=\/wp\/v2\/types\/post"}],"author":[{"embeddable":true,"href":"https:\/\/www.toque-musicall.com\/index.php?rest_route=\/wp\/v2\/users\/1"}],"replies":[{"embeddable":true,"href":"https:\/\/www.toque-musicall.com\/index.php?rest_route=%2Fwp%2Fv2%2Fcomments&post=6046"}],"version-history":[{"count":1,"href":"https:\/\/www.toque-musicall.com\/index.php?rest_route=\/wp\/v2\/posts\/6046\/revisions"}],"predecessor-version":[{"id":6047,"href":"https:\/\/www.toque-musicall.com\/index.php?rest_route=\/wp\/v2\/posts\/6046\/revisions\/6047"}],"wp:attachment":[{"href":"https:\/\/www.toque-musicall.com\/index.php?rest_route=%2Fwp%2Fv2%2Fmedia&parent=6046"}],"wp:term":[{"taxonomy":"category","embeddable":true,"href":"https:\/\/www.toque-musicall.com\/index.php?rest_route=%2Fwp%2Fv2%2Fcategories&post=6046"},{"taxonomy":"post_tag","embeddable":true,"href":"https:\/\/www.toque-musicall.com\/index.php?rest_route=%2Fwp%2Fv2%2Ftags&post=6046"}],"curies":[{"name":"wp","href":"https:\/\/api.w.org\/{rel}","templated":true}]}}