{"id":6052,"date":"2017-04-15T07:06:55","date_gmt":"2017-04-15T10:06:55","guid":{"rendered":"http:\/\/www.toque-musicall.com\/?p=6052"},"modified":"2017-04-17T07:09:38","modified_gmt":"2017-04-17T10:09:38","slug":"jorge-henrique-alan-gordon-hugo-lander-dancando-face-a-face-1959","status":"publish","type":"post","link":"https:\/\/www.toque-musicall.com\/?p=6052","title":{"rendered":"Jorge Henrique Alan Gordon &#038; Hugo Lander &#8211; Dan\u00e7ando Face A Face (1959)"},"content":{"rendered":"<p><img loading=\"lazy\" decoding=\"async\" class=\"aligncenter size-large\" src=\"https:\/\/4.bp.blogspot.com\/-9zTeRCWP3w8\/WPSQrjIH2fI\/AAAAAAAAOEE\/Z6Yew9kIT2Ygh6X-fq2flRaAifxuaAKzACLcB\/s640\/capap.JPG\" width=\"640\" height=\"619\" \/><img loading=\"lazy\" decoding=\"async\" class=\"aligncenter size-large\" src=\"https:\/\/2.bp.blogspot.com\/-CqNDmD354Bk\/WPSQrvDOsZI\/AAAAAAAAOEA\/7c2hukQGkwEGO62MSYFkr8Z_1kyv3JekwCLcB\/s640\/contrap.JPG\" width=\"624\" height=\"640\" \/><\/p>\n<p>O TM traz hoje para seus amigos cultos, ocultos e associados mais um \u00e1lbum do selo R\u00e1dio, marca que, como voc\u00eas j\u00e1 sabem, lan\u00e7ou apenas e t\u00e3o somente LPs, em toda a sua exist\u00eancia, sendo, por tabela, uma das pioneiras do vinil em territ\u00f3rio brasileiro. Trazemos, desta vez, \u201cDan\u00e7ando face a face\u201d, lan\u00e7ado em 1959, com o pianista Alan Gordon, o baterista Hugo Lander e o organista Jorge Henrique. A ressaltar que Alan Gordon, j\u00e1 falecido, foi propriet\u00e1rio da lend\u00e1ria boate Stardust, em S\u00e3o Paulo, e \u00e9 pai de Lanny Gordin, aut\u00eantico mestre da guitarra e um dos \u00edcones da MPB. \u00a0Os tr\u00eas, ent\u00e3o se apresentando com muito sucesso nas casas noturnas do eixo Rio-S\u00e3o Paulo,\u00a0 j\u00e1 haviam gravado juntos, pela mesm\u00edssima R\u00e1dio,\u00a0 os dois \u00e1lbuns da s\u00e9rie \u201cCheek to cheek\u201d, o \u00faltimo deles j\u00e1 oferecido a voc\u00eas pelo TM (Alan e Hugo ainda se encontrariam no \u00e1lbum \u201cDois americanos no Rio\u201d). Pois este \u201cDan\u00e7ando face a face\u201d tamb\u00e9m \u00e9 um trabalho de inquestion\u00e1vel qualidade, dentro do padr\u00e3o dos \u00e1lbuns dan\u00e7antes que tanto faziam sucesso naquele final de anos 1950. S\u00e3o onze faixas marcantes, selecionadas entre standards sempre queridos e apreciados do repert\u00f3rio popular nacional e internacional. Na parte brasileira, h\u00e1 quase que apenas sambas: \u201cCinco letras que choram (Adeus)\u201d, \u201cDois cora\u00e7\u00f5es\u201d, \u201cReconcilia\u00e7\u00e3o\u201d, \u201cCabelos brancos\u201d, \u201cJuramento falso\u201d e duas composi\u00e7\u00f5es ent\u00e3o in\u00e9ditas de Jorge Henrique, \u201cPreto velho\u201d e \u201cT\u00e9dio\u201d (esta, um bolero). Completando o programa, quatro cl\u00e1ssicos internacionais: os boleros \u201cAcercate m\u00e1s\u201d, \u201cIncentidumre\u201d e \u201cConcerto d\u2019autumno\u201d (originalmente fox-can\u00e7\u00e3o), e o fox \u201cBecause of you\u201d. \u00a0Arranjos primorosos, aliados \u00e0 compet\u00eancia e \u00e0 t\u00e9cnica do trio de instrumentistas, fazem deste \u201cDan\u00e7ando face a face\u201d um LP digno de merecer mais esta postagem de nosso TM, oferecendo o melhor em mat\u00e9ria de m\u00fasica ambiente, seja para simples audi\u00e7\u00e3o, como \u201crelax\u201d, seja para se dan\u00e7ar bem juntinhos, de rosto colado. Aproveitem&#8230;<\/p>\n<div style=\"text-align: center;\">cinco letras que choram<\/div>\n<div style=\"text-align: center;\">dois cora\u00e7\u00f5es<\/div>\n<div style=\"text-align: center;\">acercate mas<\/div>\n<div style=\"text-align: center;\">because of you<\/div>\n<div style=\"text-align: center;\">reconcilia\u00e7\u00e3o<\/div>\n<div style=\"text-align: center;\">incertidure<\/div>\n<div style=\"text-align: center;\">cabelos brancos<\/div>\n<div style=\"text-align: center;\">juramento falso<\/div>\n<div style=\"text-align: center;\">concerto d&#8217;autunno<\/div>\n<div style=\"text-align: center;\">preto velho<\/div>\n<div style=\"text-align: center;\">t\u00e9dio<\/div>\n<p>*Texto de Samuel Machado Filho<\/p>\n","protected":false},"excerpt":{"rendered":"<p>O TM traz hoje para seus amigos cultos, ocultos e associados mais um \u00e1lbum do selo R\u00e1dio, marca que, como voc\u00eas j\u00e1 sabem, lan\u00e7ou apenas e t\u00e3o somente LPs, em toda a sua exist\u00eancia, sendo, por tabela, uma das pioneiras &hellip; <a href=\"https:\/\/www.toque-musicall.com\/?p=6052\">Continue lendo <span class=\"meta-nav\">&rarr;<\/span><\/a><\/p>\n","protected":false},"author":1,"featured_media":0,"comment_status":"open","ping_status":"closed","sticky":false,"template":"","format":"standard","meta":{"footnotes":""},"categories":[2190,885,221],"tags":[],"class_list":["post-6052","post","type-post","status-publish","format-standard","hentry","category-jorge-henrique","category-jorge-henrique-hugo-lander-e-alan-gordon","category-selo-radio"],"_links":{"self":[{"href":"https:\/\/www.toque-musicall.com\/index.php?rest_route=\/wp\/v2\/posts\/6052","targetHints":{"allow":["GET"]}}],"collection":[{"href":"https:\/\/www.toque-musicall.com\/index.php?rest_route=\/wp\/v2\/posts"}],"about":[{"href":"https:\/\/www.toque-musicall.com\/index.php?rest_route=\/wp\/v2\/types\/post"}],"author":[{"embeddable":true,"href":"https:\/\/www.toque-musicall.com\/index.php?rest_route=\/wp\/v2\/users\/1"}],"replies":[{"embeddable":true,"href":"https:\/\/www.toque-musicall.com\/index.php?rest_route=%2Fwp%2Fv2%2Fcomments&post=6052"}],"version-history":[{"count":1,"href":"https:\/\/www.toque-musicall.com\/index.php?rest_route=\/wp\/v2\/posts\/6052\/revisions"}],"predecessor-version":[{"id":6053,"href":"https:\/\/www.toque-musicall.com\/index.php?rest_route=\/wp\/v2\/posts\/6052\/revisions\/6053"}],"wp:attachment":[{"href":"https:\/\/www.toque-musicall.com\/index.php?rest_route=%2Fwp%2Fv2%2Fmedia&parent=6052"}],"wp:term":[{"taxonomy":"category","embeddable":true,"href":"https:\/\/www.toque-musicall.com\/index.php?rest_route=%2Fwp%2Fv2%2Fcategories&post=6052"},{"taxonomy":"post_tag","embeddable":true,"href":"https:\/\/www.toque-musicall.com\/index.php?rest_route=%2Fwp%2Fv2%2Ftags&post=6052"}],"curies":[{"name":"wp","href":"https:\/\/api.w.org\/{rel}","templated":true}]}}