{"id":6054,"date":"2017-04-27T06:59:34","date_gmt":"2017-04-27T09:59:34","guid":{"rendered":"http:\/\/www.toque-musicall.com\/?p=6054"},"modified":"2017-04-27T06:59:34","modified_gmt":"2017-04-27T09:59:34","slug":"we-ourico-1971","status":"publish","type":"post","link":"https:\/\/www.toque-musicall.com\/?p=6054","title":{"rendered":"We &#8211; Ouri\u00e7o (1971)"},"content":{"rendered":"<p><img loading=\"lazy\" decoding=\"async\" class=\"aligncenter size-large\" src=\"https:\/\/4.bp.blogspot.com\/-KkQ4GIBPc6I\/WQGzE2LGrzI\/AAAAAAAAOEY\/5tA5heyT5b0R7gQUb-2rvzXu0ISWqS_ewCLcB\/s640\/capap.JPG\" width=\"637\" height=\"640\" \/><img loading=\"lazy\" decoding=\"async\" class=\"aligncenter size-large\" src=\"https:\/\/2.bp.blogspot.com\/-ncFqNG9soBg\/WQGzFzSgfxI\/AAAAAAAAOEc\/KctYGFvij_Uz0h8RxZmEpAX5L2JbcrJPwCLcB\/s640\/contracapap.JPG\" width=\"637\" height=\"640\" \/><\/p>\n<p>Bom dia, amigos cultos e ocultos! As postagens deste m\u00eas acabaram sendo poucas. Infelizmente em abril \u00e9 o per\u00edodo em que eu fico mais ocupado e da\u00ed, consequentemente sem tempo para as postagens. Mesmo com a pronta colabora\u00e7\u00e3o do amigo Samuca, ainda assim estamos devagar. Mas o pulso ainda pulsa&#8230;<br \/>\nHoje eu trago um lp que pelas fontes, das mais variadas, indicam que se trata de um trabalho paralelo do conjunto The Fevers. Lan\u00e7ado em 1971 pela Odeon, atrav\u00e9s de seu selo Parlophone que servia para publica\u00e7\u00f5es obscuras como esta. Na verdade, trata-se de lan\u00e7amentos do que poder\u00edamos chamar de projetos pilotos, utilizando de seus artistas contratados para outros trabalhos e geralmente com outros nomes. Naquele in\u00edcio dos anos 70 estava em voga conjuntos e artistas brasileiros cantando em ingl\u00eas, refor\u00e7ando a m\u00e1xima de que para se fazer sucesso nas r\u00e1dios tinha que cantar em ingl\u00eas (afinal, nosso povo sempre foi muito culto e bilingue, n\u00e9?). \u00c9 da\u00ed que nasce esse disco que eu at\u00e9 hoje n\u00e3o sei se a banda se chama Ouri\u00e7o ou We. Para n\u00e3o variar, deixando sempre o p\u00fablico com a pulga atr\u00e1s da orelha, no lp, n\u00e3o temos nenhuma informa\u00e7\u00e3o plaus\u00edvel, al\u00e9m da lista de um repert\u00f3rio cujas as m\u00fasicas eram extra\u00eddas de discos estrangeiros da \u00e9poca, como Chicago, Nilsson, Jesse Colin Young, Bachaman e outros, al\u00e9m de algumas &#8216;composi\u00e7\u00f5es pr\u00f3prias&#8217;. Outra curiosidade, talvez para encher lingui\u00e7a, colocaram nun canto da capa a defini\u00e7\u00e3o enciclop\u00e9dica do que \u00e9 um ouri\u00e7o. Bom, podemos n\u00e3o saber quem \u00e9 realmente esse conjunto, mas com certeza agora sabemos o que \u00e9 um ouri\u00e7o.<\/p>\n<div style=\"text-align: center;\">yo yo<\/div>\n<div style=\"text-align: center;\">second thoughts<\/div>\n<div style=\"text-align: center;\">living<\/div>\n<div style=\"text-align: center;\">25 or 6 to 4<\/div>\n<div style=\"text-align: center;\">cherr me up<\/div>\n<div style=\"text-align: center;\">i&#8217;m gonna be a rich man<\/div>\n<div style=\"text-align: center;\">us thumbstyle<\/div>\n<div style=\"text-align: center;\">down to the valley<\/div>\n<div style=\"text-align: center;\">when you pass near me<\/div>\n<div style=\"text-align: center;\">please believe me<\/div>\n<div><\/div>\n<div>.<\/div>\n","protected":false},"excerpt":{"rendered":"<p>Bom dia, amigos cultos e ocultos! As postagens deste m\u00eas acabaram sendo poucas. Infelizmente em abril \u00e9 o per\u00edodo em que eu fico mais ocupado e da\u00ed, consequentemente sem tempo para as postagens. Mesmo com a pronta colabora\u00e7\u00e3o do amigo &hellip; <a href=\"https:\/\/www.toque-musicall.com\/?p=6054\">Continue lendo <span class=\"meta-nav\">&rarr;<\/span><\/a><\/p>\n","protected":false},"author":1,"featured_media":0,"comment_status":"open","ping_status":"closed","sticky":false,"template":"","format":"standard","meta":{"footnotes":""},"categories":[113,2829,2869],"tags":[],"class_list":["post-6054","post","type-post","status-publish","format-standard","hentry","category-selo-parlophone","category-the-fevers","category-we"],"_links":{"self":[{"href":"https:\/\/www.toque-musicall.com\/index.php?rest_route=\/wp\/v2\/posts\/6054","targetHints":{"allow":["GET"]}}],"collection":[{"href":"https:\/\/www.toque-musicall.com\/index.php?rest_route=\/wp\/v2\/posts"}],"about":[{"href":"https:\/\/www.toque-musicall.com\/index.php?rest_route=\/wp\/v2\/types\/post"}],"author":[{"embeddable":true,"href":"https:\/\/www.toque-musicall.com\/index.php?rest_route=\/wp\/v2\/users\/1"}],"replies":[{"embeddable":true,"href":"https:\/\/www.toque-musicall.com\/index.php?rest_route=%2Fwp%2Fv2%2Fcomments&post=6054"}],"version-history":[{"count":1,"href":"https:\/\/www.toque-musicall.com\/index.php?rest_route=\/wp\/v2\/posts\/6054\/revisions"}],"predecessor-version":[{"id":6055,"href":"https:\/\/www.toque-musicall.com\/index.php?rest_route=\/wp\/v2\/posts\/6054\/revisions\/6055"}],"wp:attachment":[{"href":"https:\/\/www.toque-musicall.com\/index.php?rest_route=%2Fwp%2Fv2%2Fmedia&parent=6054"}],"wp:term":[{"taxonomy":"category","embeddable":true,"href":"https:\/\/www.toque-musicall.com\/index.php?rest_route=%2Fwp%2Fv2%2Fcategories&post=6054"},{"taxonomy":"post_tag","embeddable":true,"href":"https:\/\/www.toque-musicall.com\/index.php?rest_route=%2Fwp%2Fv2%2Ftags&post=6054"}],"curies":[{"name":"wp","href":"https:\/\/api.w.org\/{rel}","templated":true}]}}