{"id":606,"date":"2010-12-11T15:47:00","date_gmt":"2010-12-11T15:47:00","guid":{"rendered":"http:\/\/www.toque-musicall.com\/?p=606"},"modified":"2010-12-11T15:47:00","modified_gmt":"2010-12-11T15:47:00","slug":"brazilian-music-now-1977","status":"publish","type":"post","link":"https:\/\/www.toque-musicall.com\/?p=606","title":{"rendered":"Brazilian Music Now (1977)"},"content":{"rendered":"<p><a href=\"http:\/\/1.bp.blogspot.com\/_DSKVEvHtskc\/TQQGaxkPbdI\/AAAAAAAAHbI\/2FjYsBpXR2Q\/s1600\/mpb+3+P.JPG\"><img decoding=\"async\" style=\"TEXT-ALIGN: center; MARGIN: 0px auto 10px; WIDTH: 397px; DISPLAY: block; HEIGHT: 400px; CURSOR: hand\" id=\"BLOGGER_PHOTO_ID_5549567697879002578\" border=\"0\" alt=\"\" src=\"http:\/\/1.bp.blogspot.com\/_DSKVEvHtskc\/TQQGaxkPbdI\/AAAAAAAAHbI\/2FjYsBpXR2Q\/s400\/mpb+3+P.JPG\" \/><\/a> Boa noite, amigos cultos e ocultos. Mais uma vez eu estou chegando no fim do dia, aproveitando a brecha, ou talvez os poucos minutos livres que antecedem ao sono. Escolhi este disco para ser a estampa da pr\u00f3xima semana. Quero dizer, VOU DAR UMA PAUSA por alguns dias. Preciso descansar minha cabe\u00e7a e me afastar de alguns problemas. Portanto, j\u00e1 fiquem os amigos avisados da minha aus\u00eancia na pr\u00f3xima semana, ok? Espero voltar antes do Natal, vamos ver&#8230;<br \/>Segue assim mais um exemplar da s\u00e9rie, promocional criada pela Funart para o ent\u00e3o Departamento de Coopera\u00e7\u00e3o Cultural, Cient\u00edfica e Tecnologia do Minist\u00e9rio das Rela\u00e7\u00f5es Exteriores, a partir de 1978. A ideia era a de propagar a diversidade musical brasileira pelos cinco continentes, em v\u00e1rios pa\u00edses, dando a esses a oportunidade de conhecer melhor o variado leque musical produzido originalmente em nosso pa\u00eds. Ao que tudo indica, esse trabalho teve bons resultados, o que acabou gerando uma segunda vers\u00e3o, a qual passou-se a chamar &#8220;Projeto Ary Barroso&#8221; e sendo coordenado por Herm\u00ednio Bello de Carvalho.<br \/>Neste \u00e1lbum, o n\u00famero 3, iremos encontrar uma excente e variada colet\u00e2nea com alguns de nossos melhores artistas, contratados da EMI &#8211; Odeon desde a d\u00e9cada de 50. As m\u00fasicas interpretadadas por eles foram sucesso que \u00e9 muito bom relembrar. Confiram&#8230;<\/p>\n<div align=\"center\">marinheiro s\u00f3 &#8211; clementina de jesus<\/div>\n<div align=\"center\">foi um rio que passou em minha vida &#8211; paulinho da viola<\/div>\n<div align=\"center\">canto de areia &#8211; clara nunes<\/div>\n<div align=\"center\">mineira &#8211; no\u00e3o nogueira<\/div>\n<div align=\"center\">estrela madureira &#8211; roberto ribeiro<\/div>\n<div align=\"center\">ponto de caboclo desengano &#8211; jo\u00e3o de aquino<\/div>\n<div align=\"center\">quadras de roda &#8211; ivan lins<\/div>\n<div align=\"center\">gota d&#8217;agua &#8211; simone<\/div>\n<div align=\"center\">moleque &#8211; luiz gonzaga jr<\/div>\n<div align=\"center\">dentro de mim mora um anjo &#8211; sueli costa<\/div>\n<div align=\"center\">das rosas &#8211; dorival caymmi<\/div>\n<div align=\"center\">1&#215;0 &#8211; pixinguinha<\/div>\n<div align=\"center\"><\/div>\n<div align=\"center\"><\/div>\n","protected":false},"excerpt":{"rendered":"<p>Boa noite, amigos cultos e ocultos. Mais uma vez eu estou chegando no fim do dia, aproveitando a brecha, ou talvez os poucos minutos livres que antecedem ao sono. Escolhi este disco para ser a estampa da pr\u00f3xima semana. Quero &hellip; <a href=\"https:\/\/www.toque-musicall.com\/?p=606\">Continue lendo <span class=\"meta-nav\">&rarr;<\/span><\/a><\/p>\n","protected":false},"author":1,"featured_media":0,"comment_status":"open","ping_status":"closed","sticky":false,"template":"","format":"standard","meta":{"footnotes":""},"categories":[896,531,227,784,768,900,705,542,898,897,899],"tags":[],"class_list":["post-606","post","type-post","status-publish","format-standard","hentry","category-clara-nunes","category-clementina-de-jesus","category-dorival-caymmi","category-gonzaguinha","category-ivan-lins","category-joao-de-aquino","category-joao-nogueira","category-paulinho-da-viola","category-roberto-ribeiro","category-simone","category-sueli-costa"],"_links":{"self":[{"href":"https:\/\/www.toque-musicall.com\/index.php?rest_route=\/wp\/v2\/posts\/606","targetHints":{"allow":["GET"]}}],"collection":[{"href":"https:\/\/www.toque-musicall.com\/index.php?rest_route=\/wp\/v2\/posts"}],"about":[{"href":"https:\/\/www.toque-musicall.com\/index.php?rest_route=\/wp\/v2\/types\/post"}],"author":[{"embeddable":true,"href":"https:\/\/www.toque-musicall.com\/index.php?rest_route=\/wp\/v2\/users\/1"}],"replies":[{"embeddable":true,"href":"https:\/\/www.toque-musicall.com\/index.php?rest_route=%2Fwp%2Fv2%2Fcomments&post=606"}],"version-history":[{"count":0,"href":"https:\/\/www.toque-musicall.com\/index.php?rest_route=\/wp\/v2\/posts\/606\/revisions"}],"wp:attachment":[{"href":"https:\/\/www.toque-musicall.com\/index.php?rest_route=%2Fwp%2Fv2%2Fmedia&parent=606"}],"wp:term":[{"taxonomy":"category","embeddable":true,"href":"https:\/\/www.toque-musicall.com\/index.php?rest_route=%2Fwp%2Fv2%2Fcategories&post=606"},{"taxonomy":"post_tag","embeddable":true,"href":"https:\/\/www.toque-musicall.com\/index.php?rest_route=%2Fwp%2Fv2%2Ftags&post=606"}],"curies":[{"name":"wp","href":"https:\/\/api.w.org\/{rel}","templated":true}]}}