{"id":6061,"date":"2017-05-07T01:49:30","date_gmt":"2017-05-07T04:49:30","guid":{"rendered":"http:\/\/www.toque-musicall.com\/?p=6061"},"modified":"2017-05-07T01:50:43","modified_gmt":"2017-05-07T04:50:43","slug":"lauro-miranda-e-seu-conjunto-1959","status":"publish","type":"post","link":"https:\/\/www.toque-musicall.com\/?p=6061","title":{"rendered":"Lauro Miranda E Seu Conjunto (1959)"},"content":{"rendered":"<p><img loading=\"lazy\" decoding=\"async\" class=\"aligncenter size-large\" src=\"https:\/\/3.bp.blogspot.com\/-VpApk50uVIg\/WQ6iKCHBEmI\/AAAAAAAAOFY\/zoumWDsTxj4EtB4BJg1zc9W_BEnAquWSACLcB\/s640\/capap.JPG\" width=\"640\" height=\"632\" \/><img loading=\"lazy\" decoding=\"async\" class=\"aligncenter size-large\" src=\"https:\/\/2.bp.blogspot.com\/-E41BDaQq6Vg\/WQ6iJyDggKI\/AAAAAAAAOFU\/pbRY8aAZqJMHtLr5ASazD4nIjvTH7fHfQCLcB\/s640\/contrap.JPG\" width=\"640\" height=\"627\" \/><\/p>\n<p>O Toque Musical p\u00f5e hoje em foco mais um m\u00fasico brasileiro de renome, cujo centen\u00e1rio de nascimento comemoramos neste 2017: o pianista Lauro Miranda. Irm\u00e3o do tamb\u00e9m m\u00fasico Geraldo Miranda, ele veio ao mundo no dia 16 de junho de 1917, na cidade de Vit\u00f3ria, capital do Esp\u00edrito Santo, com o nome completo de Lauro Os\u00f3rio Miranda. Autodidata, come\u00e7ou a aprender piano aos dez anos de idade. Sua carreira art\u00edstica tem in\u00edcio aos 18 anos, como pianista profissional da orquestra do Autom\u00f3vel Clube de Campos, litoral do estado do Rio de Janeiro. Em 1934, venceu o concurso de m\u00fasicas carnavalescas de Campos com a m\u00fasica \u201cT\u00e1 bom, deixa\u201d. Em 1937, acompanhou as irm\u00e3s C\u00e1rmen e Aurora Miranda em show no Teatro Trianon, ocasi\u00e3o em que tamb\u00e9m foi chefe da Orquestra do Cassino de Campos, onde conheceu o bandolinista uruguaio Miranda. Chegou a estudar na Faculdade de Agronomia, ainda em Campos, mas aos 21 anos largou tudo para dedicar-se apenas \u00e0 m\u00fasica. \u00c9 nessa ocasi\u00e3o que se transfere para o Rio de Janeiro, onde, em 1939, acompanhou o trio Gentile-Damian-Miranda em uma temporada no Cassino Atl\u00e2ntico, em Copacabana. Trabalhou ainda no restaurante Lido, tamb\u00e9m em Copacabana, na R\u00e1dio Tupi com o Trio Lalo Marenales e na orquestra do maestro Otaviano Romero Monteiro, o Fon-Fon. Em 1941, fez temporada de seis meses em Buenos Aires, como pianista da Orquestra Amaz\u00f4nia, inaugurando o programa \u201cA hora do Brasil\u201d, na R\u00e1dio El Mundo. No ano seguinte, atuou nas orquestras de Napole\u00e3o Tavares (R\u00e1dio Ipanema) e Guilherme Pereira. Em 1943, participa das orquestras dos maestros Pompeu Nepomuceno e Claude Austin, assumindo a chefia desta \u00faltima at\u00e9 1946. Em 1947, nova turn\u00ea internacional, agora com a orquestra de Fon-Fon, e percorrendo v\u00e1rias cidades da Europa: Paris, Mil\u00e3o, Barcelona, Madri, Roma, N\u00e1poles e Knock, esta na B\u00e9lgica, passando ainda por Bagd\u00e1 e Beirute, no Oriente M\u00e9dio. E \u00e9 em Beirute que fixa resid\u00eancia, entre 1947 e 1956, atuando como pianista da Orquestra Copacabana, que trabalhava na boate Le Grillon. De volta ao Brasil, atuou como pianista na boate Sacha\u2019s, do Rio de Janeiro, e, mais tarde, ingressa no conjunto Sete de Ouros, do maestro Cip\u00f3, onde permanece at\u00e9 1962, ano em que assume a dire\u00e7\u00e3o art\u00edstica do Hotel Nacional de Bras\u00edlia. Nesse mesmo ano, faz nova turn\u00ea pela Europa, a convite do cantor Ern\u00e2ni Filho, com ele percorrendo pa\u00edses como Portugal, Fran\u00e7a, It\u00e1lia, Su\u00ed\u00e7a, Alemanha e Inglaterra. De volta ao Brasil, ambos fazem temporada de tr\u00eas meses na boate Oasis, de S\u00e3o Paulo. Entre 1966 e 1974, foi pianista da extinta TV Tupi do Rio de Janeiro. Trabalhou ainda nos restaurantes Vice-Rei\u00a0 (de 1985 a 1994) e Palhota (1995), transferindo-se depois para o Piano Bar St. Moritz, da Casa da Su\u00ed\u00e7a, onde permanece at\u00e9 2000, encerrando sua carreira. Como compositor, Lauro Miranda tem mais de 150 m\u00fasicas gravadas, e foi um dos s\u00f3cios-fundadores da Sbacem. Acompanhou ao piano, em toda a sua trajet\u00f3ria art\u00edstica, v\u00e1rios nomes de prest\u00edgio na MPB, como Francisco Alves, Orlando Silva, Helena de Lima, Carlos Galhardo, Lana Bittencourt, Agnaldo Rayol, Lucienne Franco, Ellen de Lima, Carlos Jos\u00e9, Aracy de Almeida&#8230; Com este respeit\u00e1vel curr\u00edculo, Lauro Miranda bem merece a postagem de hoje do TM, oferecendo a seus amigos cultos, ocultos e associados o \u00fanico LP que gravou com seu pr\u00f3prio conjunto, lan\u00e7ado em 1959 pela Drink Discos, gravadora que pertencia a outro m\u00fasico de renome, o organista Djalma Ferreira, ent\u00e3o dono da boate carioca de mesmo nome. E com direito at\u00e9 a uma capa dupla, verdadeira ousadia gr\u00e1fica para a \u00e9poca, como de praxe nos lan\u00e7amentos da Drink, e a um entusiasmado texto de contracapa de Carlos Machado, o ent\u00e3o \u201crei da noite carioca\u201d, descrevendo minuciosamente a trajet\u00f3ria de Lauro Miranda at\u00e9 ent\u00e3o. No repert\u00f3rio, mesclam-se sucessos nacionais e internacionais da ocasi\u00e3o (\u201cPoinciana\u201d, \u201cFracassos de amor\u201d, \u201cManhattan\u201d, \u201cO apito no samba\u201d, \u201cFoi o teu olhar\u201d, \u201cAll the things you are\u201d, \u201cThe ruby and the pearl\u201d) e trabalhos autorais do pr\u00f3prio Lauro (\u201cCipol\u00e2ndia\u201d, em parceria com o maestro Cip\u00f3, \u201cSaudade\u201d, \u201cRecanto de rua\u201d e \u201cSer\u00e1?\u2019), dentro do padr\u00e3o que caracterizava os \u00e1lbuns dan\u00e7antes da \u00e9poca. Enfim, uma homenagem a altura do TM aos cem anos de nascimento de Lauro Miranda! Em tempo: ser\u00e1 que ele ainda vive? Em todo caso, se algu\u00e9m souber do Lauro, favor enviar email para <a href=\"mailto:toquelinkmusical@gmail.com\">toquelinkmusical@gmail.com<\/a>. Eu e o Augusto, desde j\u00e1, agradecemos&#8230;<\/p>\n<div style=\"text-align: center;\">my funny valetine &#8211; where or when &#8211; more than you know<\/div>\n<div style=\"text-align: center;\">manhattan &#8211; all the things you are &#8211; saturday night<\/div>\n<div style=\"text-align: center;\">foi o teu olhar &#8211; sax cantabile<\/div>\n<div style=\"text-align: center;\">o apito no saba<\/div>\n<div style=\"text-align: center;\">cipolandia<\/div>\n<div style=\"text-align: center;\">the ruby and the pearl &#8211; poiciana<\/div>\n<div style=\"text-align: center;\">saudade &#8211; recanto da rua<\/div>\n<div style=\"text-align: center;\">ser\u00e1 &#8211; fracassos de amor<\/div>\n<p>*Texto de Samuel Machado Filho<\/p>\n","protected":false},"excerpt":{"rendered":"<p>O Toque Musical p\u00f5e hoje em foco mais um m\u00fasico brasileiro de renome, cujo centen\u00e1rio de nascimento comemoramos neste 2017: o pianista Lauro Miranda. Irm\u00e3o do tamb\u00e9m m\u00fasico Geraldo Miranda, ele veio ao mundo no dia 16 de junho de &hellip; <a href=\"https:\/\/www.toque-musicall.com\/?p=6061\">Continue lendo <span class=\"meta-nav\">&rarr;<\/span><\/a><\/p>\n","protected":false},"author":1,"featured_media":0,"comment_status":"open","ping_status":"closed","sticky":false,"template":"","format":"standard","meta":{"footnotes":""},"categories":[2870,2023],"tags":[],"class_list":["post-6061","post","type-post","status-publish","format-standard","hentry","category-lauro-miranda-e-seu-conjunto","category-selo-drink"],"_links":{"self":[{"href":"https:\/\/www.toque-musicall.com\/index.php?rest_route=\/wp\/v2\/posts\/6061","targetHints":{"allow":["GET"]}}],"collection":[{"href":"https:\/\/www.toque-musicall.com\/index.php?rest_route=\/wp\/v2\/posts"}],"about":[{"href":"https:\/\/www.toque-musicall.com\/index.php?rest_route=\/wp\/v2\/types\/post"}],"author":[{"embeddable":true,"href":"https:\/\/www.toque-musicall.com\/index.php?rest_route=\/wp\/v2\/users\/1"}],"replies":[{"embeddable":true,"href":"https:\/\/www.toque-musicall.com\/index.php?rest_route=%2Fwp%2Fv2%2Fcomments&post=6061"}],"version-history":[{"count":1,"href":"https:\/\/www.toque-musicall.com\/index.php?rest_route=\/wp\/v2\/posts\/6061\/revisions"}],"predecessor-version":[{"id":6062,"href":"https:\/\/www.toque-musicall.com\/index.php?rest_route=\/wp\/v2\/posts\/6061\/revisions\/6062"}],"wp:attachment":[{"href":"https:\/\/www.toque-musicall.com\/index.php?rest_route=%2Fwp%2Fv2%2Fmedia&parent=6061"}],"wp:term":[{"taxonomy":"category","embeddable":true,"href":"https:\/\/www.toque-musicall.com\/index.php?rest_route=%2Fwp%2Fv2%2Fcategories&post=6061"},{"taxonomy":"post_tag","embeddable":true,"href":"https:\/\/www.toque-musicall.com\/index.php?rest_route=%2Fwp%2Fv2%2Ftags&post=6061"}],"curies":[{"name":"wp","href":"https:\/\/api.w.org\/{rel}","templated":true}]}}