{"id":6066,"date":"2017-05-27T23:12:59","date_gmt":"2017-05-28T02:12:59","guid":{"rendered":"http:\/\/www.toque-musicall.com\/?p=6066"},"modified":"2017-05-29T23:16:27","modified_gmt":"2017-05-30T02:16:27","slug":"picolino-da-portela-sambistas-unidos-1975","status":"publish","type":"post","link":"https:\/\/www.toque-musicall.com\/?p=6066","title":{"rendered":"Picolino da Portela &#8211; Sambistas Unidos (1975)"},"content":{"rendered":"<p><img loading=\"lazy\" decoding=\"async\" class=\"aligncenter size-large\" src=\"https:\/\/3.bp.blogspot.com\/-oWXabgIYzUs\/WSzTUL_Z7NI\/AAAAAAAAOF8\/H7A54JUwdFgFl9gNDkf8CCCoXLtP79HlgCLcB\/s640\/capap.JPG\" width=\"630\" height=\"640\" \/><img loading=\"lazy\" decoding=\"async\" class=\"aligncenter size-large\" src=\"https:\/\/4.bp.blogspot.com\/-w21h36XIWbA\/WSzTT5t7J0I\/AAAAAAAAOF4\/sa2EwJOKdQoRXCQVGgZrB4D5ZS58g1RBwCLcB\/s640\/contrap.JPG\" width=\"632\" height=\"640\" \/><\/p>\n<p>Hoje, o TM p\u00f5e em foco um dos mais expressivos nomes do samba carioca: Claudemiro Jos\u00e9 Rodrigues, ou, como ficaria para a posteridade, Picolino da Portela. Compositor, cantor e ritmista, ele veio ao mundo no Rio de Janeiro mesmo, a 18 de maio de 1930. Funcion\u00e1rio aposentado do Departamento Nacional de Portos e Vias Naveg\u00e1veis, comp\u00f4s sua primeira m\u00fasica ainda adolescente, aos 16 anos, para o Bloco Unidos da Tamarineira, de Oswaldo Cruz, e apresentou-se em v\u00e1rios clubes e rodas de samba da ent\u00e3o capital da Rep\u00fablica. Mais tarde, ingressou na Portela, ao lado de Candeia e Waldir 59, passando a integrar a ala de compositores da escola, que presidiu por dois anos. Entre os sambas-enredo que Picolino comp\u00f4s para a Portela, destaca-se \u201cLegados de D. Jo\u00e3o VI\u201d, com o qual a escola foi campe\u00e3 no carnaval de 1957. Em 1963, ao lado de Candeia, Casquinha, Casemiro, Arlindo, Jorge do Viol\u00e3o e Davi do Pandeiro, forma o grupo Mensageiros do Samba, que gravaria seu \u00fanico LP, \u201cA vez do morro\u201d, tr\u00eas anos depois. Mais tarde, forma o grupo ABC da Portela, ao lado de Colombo e Noca, que participa de v\u00e1rios espet\u00e1culos de samba e alguns festivais. O trio obteve sucesso no carnaval de 1968 com o samba \u201cPortela querida\u201d, na voz de Elza Soares. Outros int\u00e9rpretes que gravaram m\u00fasicas de Picolino da Portela foram Elizeth Cardoso, Martinho da Vila, Noite Ilustrada, Luiz Ayr\u00e3o e Eliana Pittman, de quem por sinal \u00e9 parceiro no samba \u201cLen\u00e7os brancos\u201d. Como int\u00e9rprete, Picolino da Portela deixou escassa discografia: apenas dois LPs (sem contar \u201cA vez do morro\u201d), tr\u00eas compactos simples e um duplo. E dela, o TM traz hoje, para seus amigos cultos, ocultos e associados, exatamente o seu segundo e \u00faltimo \u00e1lbum-solo: \u201cSambistas unidos\u201d, lan\u00e7ado em 1975 pela Musidisc, com o selo Am\u00e9rica. A produ\u00e7\u00e3o, caprichada, ficou por conta do fundador e propriet\u00e1rio da gravadora, Nilo S\u00e9rgio, sob a dire\u00e7\u00e3o musical de Moacyr Silva, com trabalhos de grava\u00e7\u00e3o e mixagem de Max Pierre, <a href=\"https:\/\/www.blogger.com\/null\" name=\"_GoBack\"><\/a>supervisionados pelo engenheiro de som Jorge Coutinho.\u00a0 Um verdadeiro time de \u201ccobras\u201d do disco, que legou-nos este belo trabalho, em que Picolino da Portela\u00a0 interpreta composi\u00e7\u00f5es dele, com parceiros (destacando-se \u201cT\u00f4 chegando, j\u00e1 cheguei\u201d, j\u00e1 conhecida do p\u00fablico na voz de Eliana Pittman), e ainda de outros autores (como \u201cMar\u00e9 t\u00e1 cheia\u201d, do ent\u00e3o ainda iniciante Neguinho da Beija-Flor). Um disco\u00a0 que, como frisa na contracapa o jornalista Luiz Carlos de Assis, mostra o samba simples, puro e aut\u00eantico, sendo portanto digno da postagem de hoje do Toque Musical. E agora&#8230; \u00f3 abre alas, que a Portela quer passar!<\/p>\n<div style=\"text-align: center;\">deixa a portela passar<\/div>\n<div style=\"text-align: center;\">t\u00f4 chegando, j\u00e1 cheguei<\/div>\n<div style=\"text-align: center;\">mar\u00e9 t\u00e1 cheia<\/div>\n<div style=\"text-align: center;\">os teus problemas s\u00e3o meus<\/div>\n<div style=\"text-align: center;\">prefiro esperar<\/div>\n<div style=\"text-align: center;\">s\u00f3 restou uma can\u00e7\u00e3o<\/div>\n<div style=\"text-align: center;\">tora de madeira<\/div>\n<div style=\"text-align: center;\">sebasti\u00e3o<\/div>\n<div style=\"text-align: center;\">sil\u00eancio que o natal morreu<\/div>\n<div style=\"text-align: center;\">uma saudade que ficou a mais<\/div>\n<div style=\"text-align: center;\">o teu passado impede o futuro<\/div>\n<div style=\"text-align: center;\">l\u00edngua da candinha<\/div>\n<p>*Texto de Samuel Machado Filho<\/p>\n","protected":false},"excerpt":{"rendered":"<p>Hoje, o TM p\u00f5e em foco um dos mais expressivos nomes do samba carioca: Claudemiro Jos\u00e9 Rodrigues, ou, como ficaria para a posteridade, Picolino da Portela. Compositor, cantor e ritmista, ele veio ao mundo no Rio de Janeiro mesmo, a &hellip; <a href=\"https:\/\/www.toque-musicall.com\/?p=6066\">Continue lendo <span class=\"meta-nav\">&rarr;<\/span><\/a><\/p>\n","protected":false},"author":1,"featured_media":0,"comment_status":"open","ping_status":"closed","sticky":false,"template":"","format":"standard","meta":{"footnotes":""},"categories":[2871,35],"tags":[],"class_list":["post-6066","post","type-post","status-publish","format-standard","hentry","category-picolino-da-portela","category-selo-musidisc"],"_links":{"self":[{"href":"https:\/\/www.toque-musicall.com\/index.php?rest_route=\/wp\/v2\/posts\/6066","targetHints":{"allow":["GET"]}}],"collection":[{"href":"https:\/\/www.toque-musicall.com\/index.php?rest_route=\/wp\/v2\/posts"}],"about":[{"href":"https:\/\/www.toque-musicall.com\/index.php?rest_route=\/wp\/v2\/types\/post"}],"author":[{"embeddable":true,"href":"https:\/\/www.toque-musicall.com\/index.php?rest_route=\/wp\/v2\/users\/1"}],"replies":[{"embeddable":true,"href":"https:\/\/www.toque-musicall.com\/index.php?rest_route=%2Fwp%2Fv2%2Fcomments&post=6066"}],"version-history":[{"count":1,"href":"https:\/\/www.toque-musicall.com\/index.php?rest_route=\/wp\/v2\/posts\/6066\/revisions"}],"predecessor-version":[{"id":6067,"href":"https:\/\/www.toque-musicall.com\/index.php?rest_route=\/wp\/v2\/posts\/6066\/revisions\/6067"}],"wp:attachment":[{"href":"https:\/\/www.toque-musicall.com\/index.php?rest_route=%2Fwp%2Fv2%2Fmedia&parent=6066"}],"wp:term":[{"taxonomy":"category","embeddable":true,"href":"https:\/\/www.toque-musicall.com\/index.php?rest_route=%2Fwp%2Fv2%2Fcategories&post=6066"},{"taxonomy":"post_tag","embeddable":true,"href":"https:\/\/www.toque-musicall.com\/index.php?rest_route=%2Fwp%2Fv2%2Ftags&post=6066"}],"curies":[{"name":"wp","href":"https:\/\/api.w.org\/{rel}","templated":true}]}}