{"id":607,"date":"2010-12-11T01:37:00","date_gmt":"2010-12-11T01:37:00","guid":{"rendered":"http:\/\/www.toque-musicall.com\/?p=607"},"modified":"2010-12-11T01:37:00","modified_gmt":"2010-12-11T01:37:00","slug":"chico-bezerra-pati-1990","status":"publish","type":"post","link":"https:\/\/www.toque-musicall.com\/?p=607","title":{"rendered":"Chico Bezerra &#8211; Pati (1990)"},"content":{"rendered":"<p><a href=\"http:\/\/4.bp.blogspot.com\/_DSKVEvHtskc\/TQLkQntVedI\/AAAAAAAAHaw\/fgw-kU9O4ZY\/s1600\/Chico+Bezerra+F+by+TM+p.JPG\"><img decoding=\"async\" style=\"TEXT-ALIGN: center; MARGIN: 0px auto 10px; WIDTH: 395px; DISPLAY: block; HEIGHT: 400px; CURSOR: hand\" id=\"BLOGGER_PHOTO_ID_5549248665062046162\" border=\"0\" alt=\"\" src=\"http:\/\/4.bp.blogspot.com\/_DSKVEvHtskc\/TQLkQntVedI\/AAAAAAAAHaw\/fgw-kU9O4ZY\/s400\/Chico+Bezerra+F+by+TM+p.JPG\" \/><\/a>Opa! Ainda cheguei  a tempo de fazer a postagem da sexta independente. O dia hoje foi &#8216;punk&#8217;, n\u00e3o deu tempo nem para ler os e-mails. S\u00f3 agora estou tentando por em dia as coisas por aqui. Mas estou t\u00e3o sonolento que vou apenas completar esta postagem.<br \/>Tenho aqui um disco que caiu em minhas m\u00e3os esses dias e despertou a minha curiosidade. Fiquei curioso porque ele n\u00e3o trazia a capa, estava sim, apenas no envelope de papel\u00e3o, um encarte interno com as letras e algumas informa\u00e7\u00f5es. At\u00e9 ent\u00e3o eu ainda n\u00e3o sabia quem era Chico Bezerra. Pelo elenco e at\u00e9 pelo estranhamento da foto aos p\u00e9s da Torrel Eiffel, eu resolvi arriscar, coloquei o disco no prato e mandei ver&#8230; e ouvir, claro! Caramba! Me surpreendeu&#8230; H\u00e1 algo de Zen nesse artista. Sua m\u00fasica \u00e9 simples, sua voz tamb\u00e9m, mesmo assim produz um efeito que desperta a aten\u00e7\u00e3o. Em busca da capa e de maiores informa\u00e7\u00f5es, corri p\u00e1ginas do Google e n\u00e3o achei nada! Ta\u00ed um artista misterioso. Dele eu s\u00f3 sei que tem mais alguns discos independentes gravados, os quais eu tamb\u00e9m n\u00e3o conhe\u00e7o. Outro fato curioso, o disco \u00e9 dedicado \u00e0 cantora Patricia Marques de Azevedo, mais conhecida como Patricia Marx. N\u00e3o entendi nada&#8230; Vou deixar essa para voc\u00eas comentarem e complementarem.<br \/>Mesmo com sono, ainda me dei ao trabalho de criar uma capinha para apresentar o nosso artista independente da semana. Acho que vale a pena \ud83d\ude09<\/p>\n<div align=\"center\">patricia, uma can\u00e7\u00e3o amiga<\/div>\n<div align=\"center\">vida de artista<\/div>\n<div align=\"center\">metaf\u00edsica ausente<\/div>\n<div align=\"center\">pensando em voc\u00ea<\/div>\n<div align=\"center\">paty<\/div>\n<div align=\"center\">paris \/ toda luz<\/div>\n<div align=\"center\">o amor e a chuva<\/div>\n<div align=\"center\">pretty baby<\/div>\n<div align=\"center\">rio de janeiro<\/div>\n<div align=\"center\">beija flor<\/div>\n<div align=\"center\">devota<\/div>\n<div align=\"center\"> <\/div>\n<div align=\"center\"> <\/div>\n","protected":false},"excerpt":{"rendered":"<p>Opa! Ainda cheguei a tempo de fazer a postagem da sexta independente. O dia hoje foi &#8216;punk&#8217;, n\u00e3o deu tempo nem para ler os e-mails. S\u00f3 agora estou tentando por em dia as coisas por aqui. Mas estou t\u00e3o sonolento &hellip; <a href=\"https:\/\/www.toque-musicall.com\/?p=607\">Continue lendo <span class=\"meta-nav\">&rarr;<\/span><\/a><\/p>\n","protected":false},"author":1,"featured_media":0,"comment_status":"open","ping_status":"closed","sticky":false,"template":"","format":"standard","meta":{"footnotes":""},"categories":[901],"tags":[],"class_list":["post-607","post","type-post","status-publish","format-standard","hentry","category-chico-bezerra"],"_links":{"self":[{"href":"https:\/\/www.toque-musicall.com\/index.php?rest_route=\/wp\/v2\/posts\/607","targetHints":{"allow":["GET"]}}],"collection":[{"href":"https:\/\/www.toque-musicall.com\/index.php?rest_route=\/wp\/v2\/posts"}],"about":[{"href":"https:\/\/www.toque-musicall.com\/index.php?rest_route=\/wp\/v2\/types\/post"}],"author":[{"embeddable":true,"href":"https:\/\/www.toque-musicall.com\/index.php?rest_route=\/wp\/v2\/users\/1"}],"replies":[{"embeddable":true,"href":"https:\/\/www.toque-musicall.com\/index.php?rest_route=%2Fwp%2Fv2%2Fcomments&post=607"}],"version-history":[{"count":0,"href":"https:\/\/www.toque-musicall.com\/index.php?rest_route=\/wp\/v2\/posts\/607\/revisions"}],"wp:attachment":[{"href":"https:\/\/www.toque-musicall.com\/index.php?rest_route=%2Fwp%2Fv2%2Fmedia&parent=607"}],"wp:term":[{"taxonomy":"category","embeddable":true,"href":"https:\/\/www.toque-musicall.com\/index.php?rest_route=%2Fwp%2Fv2%2Fcategories&post=607"},{"taxonomy":"post_tag","embeddable":true,"href":"https:\/\/www.toque-musicall.com\/index.php?rest_route=%2Fwp%2Fv2%2Ftags&post=607"}],"curies":[{"name":"wp","href":"https:\/\/api.w.org\/{rel}","templated":true}]}}