{"id":6073,"date":"2017-06-02T10:55:44","date_gmt":"2017-06-02T13:55:44","guid":{"rendered":"http:\/\/www.toque-musicall.com\/?p=6073"},"modified":"2017-06-03T10:59:50","modified_gmt":"2017-06-03T13:59:50","slug":"os-reis-do-brega-1990","status":"publish","type":"post","link":"https:\/\/www.toque-musicall.com\/?p=6073","title":{"rendered":"Os Reis Do Brega (1990)"},"content":{"rendered":"<p><img loading=\"lazy\" decoding=\"async\" class=\"aligncenter size-large\" src=\"https:\/\/4.bp.blogspot.com\/-IEocncFM_ws\/WTK9xSW8PvI\/AAAAAAAAOGg\/9c1Tf4rCPRQhhstFMruuQP8zMFogEjFAQCLcB\/s640\/capap.JPG\" width=\"637\" height=\"640\" \/><img loading=\"lazy\" decoding=\"async\" class=\"aligncenter size-large\" src=\"https:\/\/4.bp.blogspot.com\/-I7116wdWXM4\/WTK9yLPWrDI\/AAAAAAAAOGk\/-ShxnrpVEVEcnO2Zh-0bJI7wEreBDJe4wCLcB\/s640\/contrap.JPG\" width=\"639\" height=\"640\" \/><\/p>\n<p>O Toque Musical oferece hoje a seus amigos cultos, ocultos e associados uma compila\u00e7\u00e3o de m\u00fasica brega, g\u00eanero musical que teve seu auge nas d\u00e9cadas de 1970\/80, e ainda hoje tem grande aceita\u00e7\u00e3o entre segmentos das camadas populares do Brasil. A princ\u00edpio, como j\u00e1 sabemos, o termo \u201cbrega\u201d era sin\u00f4nimo de cafona, portanto pejorativo, mas hoje o sentido \u00e9 outro, designando m\u00fasica popular de f\u00e1cil assimila\u00e7\u00e3o. E \u00e9 justamente uma amostra do rico e variado acervo desse g\u00eanero que o TM hoje nos oferece, atrav\u00e9s de um \u00e1lbum que a Continental lan\u00e7ou em 1990. \u201cOs reis do brega\u201d nos traz, em doze faixas garimpadas nos pr\u00f3prios arquivos da gravadora, m\u00fasicas que bem caracterizam o g\u00eanero, com letras simples, diretas, capazes de atingir em cheio a sensibilidade popular. Dos int\u00e9rpretes aqui inclu\u00eddos, tr\u00eas deles s\u00e3o de longe os mais conhecidos: Amado Batista, Bart\u00f4 Galeno e Al\u00edpio Martins, este j\u00e1 falecido. O primeiro vem com \u201cO lixeiro e a empregada\u201d, m\u00fasica que fez parte do filme \u201cSol vermelho\u201d, de 1982, estrelado pelo pr\u00f3prio Amado\u00a0 (o Chaplin que \u00e9 parceiro na m\u00fasica chama-se, na verdade, Odair de Souza Queiroz). Bart\u00f4 Galeno vem com \u201cLonge de voc\u00ea\u201d, que encerra o disco. E Al\u00edpio Martins, respons\u00e1vel por hits como \u2018Gozar a vida\u201d, \u201cTira a calcinha\u201d e \u201c\u00d4 Darcy\u201d, abre este disco com \u201cL\u00e1 vai ele\u201d, que fez em parceria com uma certa Marcelle. Os demais int\u00e9rpretes, mesmo com menor visibilidade, tamb\u00e9m s\u00e3o t\u00e3o queridos pelas camadas populares quanto Amado, Al\u00edpio e Bart\u00f4. Edson Vieira comparece com duas faixas: \u201cTe quebro a cara\u201d e \u201cDespeito\u201d esta de autoria dele pr\u00f3prio em parceria com Sebasti\u00e3o Souza. Fernando Lelis comparece com a machista, por\u00e9m divertida, \u201cLugar de mulher \u00e9 l\u00e1 em casa\u201d, dele pr\u00f3prio em parceria com Jacinto Jos\u00e9. Betto Dougglas vem com \u201cTudo foi assim\u201d, faixa do \u00e1lbum \u201cO rei da lambada\u201d, de 1988, e Ivan Peter aqui nos apresenta \u201cCheguei \u00e0 conclus\u00e3o\u201d. Completando o programa, duas faixas com a banda Brega Puro, \u201cEu n\u00e3o socorro\u201d e \u201cEu sou um sem vergonha\u201d. Tudo isso, aliado \u00e0s sensual\u00edssimas mulheres de lingerie que ilustram a capa, expressa bem o clima desse disco oferecido hoje pelo TM, um divertido e interessante passeio pelo universo da m\u00fasica brega. Ou\u00e7am e deliciem-se&#8230;<\/p>\n<p style=\"text-align: center;\">l\u00e1 vai ele &#8211; alipio martins<\/p>\n<p style=\"text-align: center;\">te quebro a cara &#8211; edson vieira<\/p>\n<p style=\"text-align: center;\">coisa obsena &#8211; alan edson<\/p>\n<p style=\"text-align: center;\">o lixeiro e a empregada &#8211; amado batista<\/p>\n<p style=\"text-align: center;\">amor verdadeiro &#8211; jos\u00e9 ribeiro<\/p>\n<p style=\"text-align: center;\">despeito &#8211; edson vieira<\/p>\n<p style=\"text-align: center;\">eu n\u00e3o socorro &#8211; brega puro<\/p>\n<p style=\"text-align: center;\">lugar de mulher \u00e9 l\u00e1 em casa &#8211; fernando l\u00e9lis<\/p>\n<p style=\"text-align: center;\">tudo foi assim &#8211; betto dougllas<\/p>\n<p style=\"text-align: center;\">cheguei a confus\u00e3o &#8211; ivan peter<\/p>\n<p style=\"text-align: center;\">eu sou sem vergonha &#8211; brega puro<\/p>\n<p style=\"text-align: center;\">longe de voc\u00ea &#8211; bart\u00f4 galeno<\/p>\n<p>&nbsp;<\/p>\n<p>*Texto de Samuel Machado Filho<\/p>\n","protected":false},"excerpt":{"rendered":"<p>O Toque Musical oferece hoje a seus amigos cultos, ocultos e associados uma compila\u00e7\u00e3o de m\u00fasica brega, g\u00eanero musical que teve seu auge nas d\u00e9cadas de 1970\/80, e ainda hoje tem grande aceita\u00e7\u00e3o entre segmentos das camadas populares do Brasil. &hellip; <a href=\"https:\/\/www.toque-musicall.com\/?p=6073\">Continue lendo <span class=\"meta-nav\">&rarr;<\/span><\/a><\/p>\n","protected":false},"author":1,"featured_media":0,"comment_status":"open","ping_status":"closed","sticky":false,"template":"","format":"standard","meta":{"footnotes":""},"categories":[1160,40],"tags":[],"class_list":["post-6073","post","type-post","status-publish","format-standard","hentry","category-alipio-martins","category-selo-continental"],"_links":{"self":[{"href":"https:\/\/www.toque-musicall.com\/index.php?rest_route=\/wp\/v2\/posts\/6073","targetHints":{"allow":["GET"]}}],"collection":[{"href":"https:\/\/www.toque-musicall.com\/index.php?rest_route=\/wp\/v2\/posts"}],"about":[{"href":"https:\/\/www.toque-musicall.com\/index.php?rest_route=\/wp\/v2\/types\/post"}],"author":[{"embeddable":true,"href":"https:\/\/www.toque-musicall.com\/index.php?rest_route=\/wp\/v2\/users\/1"}],"replies":[{"embeddable":true,"href":"https:\/\/www.toque-musicall.com\/index.php?rest_route=%2Fwp%2Fv2%2Fcomments&post=6073"}],"version-history":[{"count":1,"href":"https:\/\/www.toque-musicall.com\/index.php?rest_route=\/wp\/v2\/posts\/6073\/revisions"}],"predecessor-version":[{"id":6074,"href":"https:\/\/www.toque-musicall.com\/index.php?rest_route=\/wp\/v2\/posts\/6073\/revisions\/6074"}],"wp:attachment":[{"href":"https:\/\/www.toque-musicall.com\/index.php?rest_route=%2Fwp%2Fv2%2Fmedia&parent=6073"}],"wp:term":[{"taxonomy":"category","embeddable":true,"href":"https:\/\/www.toque-musicall.com\/index.php?rest_route=%2Fwp%2Fv2%2Fcategories&post=6073"},{"taxonomy":"post_tag","embeddable":true,"href":"https:\/\/www.toque-musicall.com\/index.php?rest_route=%2Fwp%2Fv2%2Ftags&post=6073"}],"curies":[{"name":"wp","href":"https:\/\/api.w.org\/{rel}","templated":true}]}}