{"id":608,"date":"2010-12-09T09:16:00","date_gmt":"2010-12-09T09:16:00","guid":{"rendered":"http:\/\/www.toque-musicall.com\/?p=608"},"modified":"2010-12-09T09:16:00","modified_gmt":"2010-12-09T09:16:00","slug":"pierre-kolmann-para-dancar-vol-3-1958","status":"publish","type":"post","link":"https:\/\/www.toque-musicall.com\/?p=608","title":{"rendered":"Pierre Kolmann &#8211; Para Dan\u00e7ar Vol. 3 (1958)"},"content":{"rendered":"<p><a href=\"http:\/\/2.bp.blogspot.com\/_DSKVEvHtskc\/TQCep3PslNI\/AAAAAAAAHaY\/4Ra5N7AgAIk\/s1600\/pierre+kolmann+P.JPG\"><img decoding=\"async\" style=\"TEXT-ALIGN: center; MARGIN: 0px auto 10px; WIDTH: 388px; DISPLAY: block; HEIGHT: 400px; CURSOR: hand\" id=\"BLOGGER_PHOTO_ID_5548609182962062546\" border=\"0\" alt=\"\" src=\"http:\/\/2.bp.blogspot.com\/_DSKVEvHtskc\/TQCep3PslNI\/AAAAAAAAHaY\/4Ra5N7AgAIk\/s400\/pierre+kolmann+P.JPG\" \/><\/a> Bom dia, amigos cultos e ocultos! Gostaria inicialmente de informar que, dentro do poss\u00edvel, estou atendendo aos pedidos e mensagens enviados por e-mail ou via Coment\u00e1rios. Infelizmente, como j\u00e1 deve ser do conhecimento de voc\u00eas, estou passando uma fase meio complicada, com problemas de sa\u00fade na fam\u00edlia e alguns outros para pesar a minha cruz. Sentar aqui por alguns dez minutos e me distrair nas postagens \u00e9 coisa que eu adoro. Por mim, ficaria at\u00e9 mais tempo, por\u00e9m a realidade n\u00e3o \u00e9 assim t\u00e3o musical e divertida. Mesmo assim, n\u00e3o percam a paci\u00eancia comigo. Eu tardo, mas n\u00e3o faltou. Eu falho, mas procuro corrigir \ud83d\ude42<br \/>Vamos hoje com mais um disco daquele que foi sem nunca ter sido, ou seja Pierre Kolmann, um pseud\u00f4nimo artista, encarnado pelo pianista ga\u00facho Britinho e provavelmente Waldir Calmon e outros, na s\u00e9rie de discos dan\u00e7antes lan\u00e7ados pela Musidisc, de 1957 a 63. Com este \u00e1lbum completamos a trilogia para dan\u00e7ar de <a href=\"http:\/\/toque-musicall.blogspot.com\/search\/label\/Pierre%20Kolmann\">Pierre Kolmann<\/a>, que era o concorrente direto dos discos do selo R\u00e1dio com Waldir Calmon. Esta \u00e9 uma hist\u00f3ria pol\u00eamica que demonstra bem como eram os bastidores e recursos comerciais da ind\u00fastria fonogr\u00e1fica brasileira. Pierre Kolmann foi, por certo, em toda a discografia encarnado por pelo menos tr\u00eas famosos pianista.<br \/>Neste terceiro volume, temos tamb\u00e9m um repert\u00f3rio misto, interpretando temas nacionais e internacionais que eram sucesso da \u00e9poca. Nisso tudo, o que eu mais gostei foi a capa. \u00d3tima, n\u00e3o? Confiram o \u00e1lbum&#8230;<\/p>\n<div align=\"center\">saudades da bahia<\/div>\n<div align=\"center\">an\u00e1guas de portugal<\/div>\n<div align=\"center\">v\u00edcio<\/div>\n<div align=\"center\">mi ultimo fracaso<\/div>\n<div align=\"center\">love me tender<\/div>\n<div align=\"center\">tudo foi ilus\u00e3o<\/div>\n<div align=\"center\">tra-l\u00e1-l\u00e1<\/div>\n<div align=\"center\">prece de amor<\/div>\n<div align=\"center\">noite chuvosa<\/div>\n<div align=\"center\">corde dela mia chitarra<\/div>\n<div align=\"center\">confian\u00e7a<\/div>\n<div align=\"center\"> <\/div>\n<div align=\"center\"> <\/div>\n","protected":false},"excerpt":{"rendered":"<p>Bom dia, amigos cultos e ocultos! Gostaria inicialmente de informar que, dentro do poss\u00edvel, estou atendendo aos pedidos e mensagens enviados por e-mail ou via Coment\u00e1rios. Infelizmente, como j\u00e1 deve ser do conhecimento de voc\u00eas, estou passando uma fase meio &hellip; <a href=\"https:\/\/www.toque-musicall.com\/?p=608\">Continue lendo <span class=\"meta-nav\">&rarr;<\/span><\/a><\/p>\n","protected":false},"author":1,"featured_media":0,"comment_status":"open","ping_status":"closed","sticky":false,"template":"","format":"standard","meta":{"footnotes":""},"categories":[902],"tags":[],"class_list":["post-608","post","type-post","status-publish","format-standard","hentry","category-pierre-kolmann"],"_links":{"self":[{"href":"https:\/\/www.toque-musicall.com\/index.php?rest_route=\/wp\/v2\/posts\/608","targetHints":{"allow":["GET"]}}],"collection":[{"href":"https:\/\/www.toque-musicall.com\/index.php?rest_route=\/wp\/v2\/posts"}],"about":[{"href":"https:\/\/www.toque-musicall.com\/index.php?rest_route=\/wp\/v2\/types\/post"}],"author":[{"embeddable":true,"href":"https:\/\/www.toque-musicall.com\/index.php?rest_route=\/wp\/v2\/users\/1"}],"replies":[{"embeddable":true,"href":"https:\/\/www.toque-musicall.com\/index.php?rest_route=%2Fwp%2Fv2%2Fcomments&post=608"}],"version-history":[{"count":0,"href":"https:\/\/www.toque-musicall.com\/index.php?rest_route=\/wp\/v2\/posts\/608\/revisions"}],"wp:attachment":[{"href":"https:\/\/www.toque-musicall.com\/index.php?rest_route=%2Fwp%2Fv2%2Fmedia&parent=608"}],"wp:term":[{"taxonomy":"category","embeddable":true,"href":"https:\/\/www.toque-musicall.com\/index.php?rest_route=%2Fwp%2Fv2%2Fcategories&post=608"},{"taxonomy":"post_tag","embeddable":true,"href":"https:\/\/www.toque-musicall.com\/index.php?rest_route=%2Fwp%2Fv2%2Ftags&post=608"}],"curies":[{"name":"wp","href":"https:\/\/api.w.org\/{rel}","templated":true}]}}