{"id":609,"date":"2010-12-08T10:28:00","date_gmt":"2010-12-08T10:28:00","guid":{"rendered":"http:\/\/www.toque-musicall.com\/?p=609"},"modified":"2010-12-08T10:28:00","modified_gmt":"2010-12-08T10:28:00","slug":"vamos-cirandar-1977","status":"publish","type":"post","link":"https:\/\/www.toque-musicall.com\/?p=609","title":{"rendered":"Vamos Cirandar (1977)"},"content":{"rendered":"<p><a href=\"http:\/\/2.bp.blogspot.com\/_DSKVEvHtskc\/TP9eCsQeOwI\/AAAAAAAAHZ0\/UN0X49u2eQc\/s1600\/vamos+cirandar+P.JPG\"><img decoding=\"async\" style=\"TEXT-ALIGN: center; MARGIN: 0px auto 10px; WIDTH: 400px; DISPLAY: block; HEIGHT: 396px; CURSOR: hand\" id=\"BLOGGER_PHOTO_ID_5548256666276739842\" border=\"0\" alt=\"\" src=\"http:\/\/2.bp.blogspot.com\/_DSKVEvHtskc\/TP9eCsQeOwI\/AAAAAAAAHZ0\/UN0X49u2eQc\/s400\/vamos+cirandar+P.JPG\" \/><\/a> Bom dia, amigos cultos e ocultos! Como ontem n\u00f3s fomos de carimb\u00f3, que tal hoje partirmos para um ciranda? Vamos sair do Par\u00e1 e ir agora para Pernambuco. \u00c9 de l\u00e1 que vem o \u00e1lbum do dia, &#8220;Vamos Cirandar&#8221;. Este \u00e9 um disco raro, lan\u00e7ado em 1977 pela Rozenblit atrav\u00e9s do selo Passarela, numa edi\u00e7\u00e3o regional e limitada. Ao contr\u00e1rio do disco dos Bambucas, este foi concebido sem as mesmas pretens\u00f5es comerciais. O produtor, Nelson Ferreira, procura aqui nos mostrar tr\u00eas aut\u00eanticos e importantes grupos de ciranda de Pernambuco. Como podemos ver pela capa, temos 19 aut\u00eanticas cirandas executadas pelos tradicionais grupos, a &#8220;Cobi\u00e7ada&#8221; de Dona Duda; a do &#8220;Baracho&#8221; e a &#8220;Imperial&#8221;. Confiram&#8230;<\/p>\n<div> <\/div>\n<div align=\"center\"><em>ciranda &#8220;a cobi\u00e7ada&#8221;:<\/em><\/div>\n<div align=\"center\">vou falar de pernambuco<\/div>\n<div align=\"center\">roberto carlos<\/div>\n<div align=\"center\">sereia<\/div>\n<div align=\"center\">lia, vem pra ciranda dan\u00e7ar<\/div>\n<div align=\"center\">recife tem praias para se escolher<\/div>\n<div align=\"center\">fui conhecer a para\u00edba<\/div>\n<div align=\"center\">vida de pescador<\/div>\n<div align=\"center\"><em>ciranda &#8220;imperial&#8221;:<\/em><\/div>\n<div align=\"center\">n\u00e3o v\u00e1 pro mar<\/div>\n<div align=\"center\">o meu navio<\/div>\n<div align=\"center\">castelo de areia<\/div>\n<div align=\"center\">lavadeira<\/div>\n<div align=\"center\"><em>ciranda do baracho:<\/em><\/div>\n<div align=\"center\">esta ciranda quem me deu foi lia<\/div>\n<div align=\"center\">morena, vem ver&#8230;<\/div>\n<div align=\"center\"><em>ciranda &#8220;a cobi\u00e7ada&#8221;:<\/em><\/div>\n<div align=\"center\">tomando umas e outras<\/div>\n<div align=\"center\">baralho de ouro<\/div>\n<div align=\"center\">uma mo\u00e7a me perguntou<\/div>\n<div align=\"center\"><em>ciranda &#8220;imperial&#8221;:<\/em><\/div>\n<div align=\"center\">\u00f4 cirandeira<\/div>\n<div align=\"center\">cirandeiro, eu vou-me embora<\/div>\n<div align=\"center\"> <\/div>\n","protected":false},"excerpt":{"rendered":"<p>Bom dia, amigos cultos e ocultos! Como ontem n\u00f3s fomos de carimb\u00f3, que tal hoje partirmos para um ciranda? Vamos sair do Par\u00e1 e ir agora para Pernambuco. \u00c9 de l\u00e1 que vem o \u00e1lbum do dia, &#8220;Vamos Cirandar&#8221;. Este &hellip; <a href=\"https:\/\/www.toque-musicall.com\/?p=609\">Continue lendo <span class=\"meta-nav\">&rarr;<\/span><\/a><\/p>\n","protected":false},"author":1,"featured_media":0,"comment_status":"open","ping_status":"closed","sticky":false,"template":"","format":"standard","meta":{"footnotes":""},"categories":[903],"tags":[],"class_list":["post-609","post","type-post","status-publish","format-standard","hentry","category-vamos-cirandar"],"_links":{"self":[{"href":"https:\/\/www.toque-musicall.com\/index.php?rest_route=\/wp\/v2\/posts\/609","targetHints":{"allow":["GET"]}}],"collection":[{"href":"https:\/\/www.toque-musicall.com\/index.php?rest_route=\/wp\/v2\/posts"}],"about":[{"href":"https:\/\/www.toque-musicall.com\/index.php?rest_route=\/wp\/v2\/types\/post"}],"author":[{"embeddable":true,"href":"https:\/\/www.toque-musicall.com\/index.php?rest_route=\/wp\/v2\/users\/1"}],"replies":[{"embeddable":true,"href":"https:\/\/www.toque-musicall.com\/index.php?rest_route=%2Fwp%2Fv2%2Fcomments&post=609"}],"version-history":[{"count":0,"href":"https:\/\/www.toque-musicall.com\/index.php?rest_route=\/wp\/v2\/posts\/609\/revisions"}],"wp:attachment":[{"href":"https:\/\/www.toque-musicall.com\/index.php?rest_route=%2Fwp%2Fv2%2Fmedia&parent=609"}],"wp:term":[{"taxonomy":"category","embeddable":true,"href":"https:\/\/www.toque-musicall.com\/index.php?rest_route=%2Fwp%2Fv2%2Fcategories&post=609"},{"taxonomy":"post_tag","embeddable":true,"href":"https:\/\/www.toque-musicall.com\/index.php?rest_route=%2Fwp%2Fv2%2Ftags&post=609"}],"curies":[{"name":"wp","href":"https:\/\/api.w.org\/{rel}","templated":true}]}}