{"id":6095,"date":"2017-07-01T16:56:07","date_gmt":"2017-07-01T19:56:07","guid":{"rendered":"http:\/\/www.toque-musicall.com\/?p=6095"},"modified":"2017-07-02T17:01:36","modified_gmt":"2017-07-02T20:01:36","slug":"deo-lopes-voar-1981","status":"publish","type":"post","link":"https:\/\/www.toque-musicall.com\/?p=6095","title":{"rendered":"Deo Lopes &#8211; Voar (1981)"},"content":{"rendered":"<p><img loading=\"lazy\" decoding=\"async\" class=\"aligncenter size-large\" src=\"https:\/\/4.bp.blogspot.com\/-bnZPaPssCiQ\/WVlOth7l_YI\/AAAAAAAAOJY\/ox6WssoyQy8ULwTO4ImFVfMXnf43oh22gCEwYBhgL\/s640\/capap.JPG\" width=\"630\" height=\"640\" \/><img loading=\"lazy\" decoding=\"async\" class=\"aligncenter size-large\" src=\"https:\/\/2.bp.blogspot.com\/-lEOUb99jICE\/WVlOs1W6AfI\/AAAAAAAAOJU\/i1LT_-GjKIAj5v8ULdHid6YOUUDUFkKqwCEwYBhgL\/s640\/contrap.JPG\" width=\"631\" height=\"640\" \/><\/p>\n<p>Com o prazer e a satisfa\u00e7\u00e3o de sempre, o TM traz de volta, em repost, para seus amigos cultos, ocultos e associados, o primeiro \u00e1lbum do sempre not\u00e1vel D\u00e9o Lopes, \u201cVoar\u201d, de 1981. Anteriormente, oferecemos este disco junto com outro expressivo trabalho dele, \u201cCertos caminhos\u201d, que gravou tr\u00eas anos depois, e que j\u00e1 havia sido apresentado pelo TM em separado, exatamente o que fazemos agora com \u201cVoar\u201d. D\u00e9o Lopes nasceu em 1952, na cidade de Santo Ant\u00f4nio da Alegria, cidade paulista da regi\u00e3o de Ribeir\u00e3o Preto, na divisa com Minas Gerais, e desde 1994 reside no Vale do Para\u00edba, tamb\u00e9m no estado de S\u00e3o Paulo. Profissionalmente, iniciou-se em 1980, na capital bandeirante, apresentando-se em teatros como o Lira Paulistana, o Sesc Pompeia\u00a0 e o Tuquinha. Percorreu (e percorre at\u00e9 hoje) quase todo o Brasil (Minas, interior e litoral de S\u00e3o Paulo, Bahia, Maranh\u00e3o, etc.) divulgando seu trabalho, suas composi\u00e7\u00f5es, e aprendendo com muitos bons m\u00fasicos de todas essas regi\u00f5es. Como bem conceituou o amigo Augusto, D\u00e9o Lopes\u00a0 \u201c\u00e9 um m\u00fasico com muitas paradas, assimilando um pouco de cada lugar por onde passa\u201d. Tem uma discografia que abrange seis \u00e1lbuns, entre LPs e CDs, inclusive tr\u00eas que tamb\u00e9m j\u00e1 foram oferecidos pelo nosso TM: \u201cCanticorda\u201d (com o violonista argentino Juan Fal\u00fa, 1982), \u201cRela\u00e7\u00e3o natural\u201d (1988) e \u201cNoite cheia de estrelas\u201d (1993). Fundou, em 1998, um grupo de m\u00fasica regional, o Trem da Vira\u00e7\u00e3o, com quem possui outros dois \u00e1lbuns lan\u00e7ados, produziu concertos e discos de outros artistas, e tem participado da cria\u00e7\u00e3o e desenvolvimento de in\u00fameros projetos culturais, tanto na m\u00fasica (em especial o fomento da m\u00fasica regional) quanto em outras artes. \u00a0Em suas composi\u00e7\u00f5es, D\u00e9o Lopes busca o que sempre acreditou: seus anseios, suas cren\u00e7as, seu pensamento sobre a ecologia e o meio-ambiente, sobre o sentimento do amor, no sentido\u00a0 do entendimento, do encontro e do desencontro. Com todo este respeit\u00e1vel curr\u00edculo de artista e incentivador cultural, D\u00e9o Lopes bem merece a nossa repostagem de hoje. \u201cVoar\u201d, seu primeiro \u00e1lbum, lan\u00e7ado em meio ao \u201cboom\u201d de discos independentes produzidos nessa \u00e9poca (1981), \u00e9 o come\u00e7o de tudo, o pontap\u00e9 inicial de uma carreira promissora, sempre apresentado um trabalho musical de assimila\u00e7\u00e3o bem natural e extremamente agrad\u00e1vel. O curioso \u00e9 que a capa teve duas vers\u00f5es, uma em preto e branco, conforme o desenho original, e a outra em azul e branco, mudan\u00e7a esta que foi solicitada pelo pr\u00f3prio D\u00e9o Lopes. S\u00e3o doze faixas, nove delas feitas por ele mesmo com parceiros, e apenas como letrista. \u00c9 um dos melhores \u00e1lbuns independentes surgidos nessa \u00e9poca, e dele participam, entre outros, os irm\u00e3os Dante e N\u00e1 Ozzetti, no coro e na percuss\u00e3o. Portanto, \u00e9 digno merecedor de um \u201cvale a pena postar de novo\u201d!\u00a0 Agora, \u00e9 ir direto para o GTM e desfrutar dessa aut\u00eantica preciosidade!<\/p>\n<div style=\"text-align: center;\">canto de agora<\/div>\n<div style=\"text-align: center;\">voar<\/div>\n<div style=\"text-align: center;\">a qu\u00edmica e o drama<\/div>\n<div style=\"text-align: center;\">p\u00e9s no ch\u00e3o<\/div>\n<div style=\"text-align: center;\">a lua \u00e9 de luzia<\/div>\n<div style=\"text-align: center;\">larissa<\/div>\n<div style=\"text-align: center;\">dia de festa<\/div>\n<div style=\"text-align: center;\">heran\u00e7a<\/div>\n<div style=\"text-align: center;\">nos olhos da serra<\/div>\n<div style=\"text-align: center;\">um bom partido<\/div>\n<div style=\"text-align: center;\">tassiana e rafael<\/div>\n<div style=\"text-align: center;\">retratos<\/div>\n<div><\/div>\n<p>*Texto de Samuel Machado Filho<\/p>\n","protected":false},"excerpt":{"rendered":"<p>Com o prazer e a satisfa\u00e7\u00e3o de sempre, o TM traz de volta, em repost, para seus amigos cultos, ocultos e associados, o primeiro \u00e1lbum do sempre not\u00e1vel D\u00e9o Lopes, \u201cVoar\u201d, de 1981. Anteriormente, oferecemos este disco junto com outro &hellip; <a href=\"https:\/\/www.toque-musicall.com\/?p=6095\">Continue lendo <span class=\"meta-nav\">&rarr;<\/span><\/a><\/p>\n","protected":false},"author":1,"featured_media":0,"comment_status":"open","ping_status":"closed","sticky":false,"template":"","format":"standard","meta":{"footnotes":""},"categories":[228,25],"tags":[],"class_list":["post-6095","post","type-post","status-publish","format-standard","hentry","category-deo-lopes","category-selo-independente"],"_links":{"self":[{"href":"https:\/\/www.toque-musicall.com\/index.php?rest_route=\/wp\/v2\/posts\/6095","targetHints":{"allow":["GET"]}}],"collection":[{"href":"https:\/\/www.toque-musicall.com\/index.php?rest_route=\/wp\/v2\/posts"}],"about":[{"href":"https:\/\/www.toque-musicall.com\/index.php?rest_route=\/wp\/v2\/types\/post"}],"author":[{"embeddable":true,"href":"https:\/\/www.toque-musicall.com\/index.php?rest_route=\/wp\/v2\/users\/1"}],"replies":[{"embeddable":true,"href":"https:\/\/www.toque-musicall.com\/index.php?rest_route=%2Fwp%2Fv2%2Fcomments&post=6095"}],"version-history":[{"count":1,"href":"https:\/\/www.toque-musicall.com\/index.php?rest_route=\/wp\/v2\/posts\/6095\/revisions"}],"predecessor-version":[{"id":6096,"href":"https:\/\/www.toque-musicall.com\/index.php?rest_route=\/wp\/v2\/posts\/6095\/revisions\/6096"}],"wp:attachment":[{"href":"https:\/\/www.toque-musicall.com\/index.php?rest_route=%2Fwp%2Fv2%2Fmedia&parent=6095"}],"wp:term":[{"taxonomy":"category","embeddable":true,"href":"https:\/\/www.toque-musicall.com\/index.php?rest_route=%2Fwp%2Fv2%2Fcategories&post=6095"},{"taxonomy":"post_tag","embeddable":true,"href":"https:\/\/www.toque-musicall.com\/index.php?rest_route=%2Fwp%2Fv2%2Ftags&post=6095"}],"curies":[{"name":"wp","href":"https:\/\/api.w.org\/{rel}","templated":true}]}}