{"id":6099,"date":"2017-07-07T10:05:27","date_gmt":"2017-07-07T13:05:27","guid":{"rendered":"http:\/\/www.toque-musicall.com\/?p=6099"},"modified":"2017-07-08T10:13:16","modified_gmt":"2017-07-08T13:13:16","slug":"bravo-trilha-sonora-original-1975","status":"publish","type":"post","link":"https:\/\/www.toque-musicall.com\/?p=6099","title":{"rendered":"Bravo &#8211; Trilha Sonora Original (1975)"},"content":{"rendered":"<p><img loading=\"lazy\" decoding=\"async\" class=\"aligncenter size-large\" src=\"https:\/\/3.bp.blogspot.com\/-DO2Z8q878kk\/WWDGJmVWW-I\/AAAAAAAAOKM\/uNGxKjNew-g_2By_M0iujxsrWzyBkyWJACLcBGAs\/s640\/capap.JPG\" width=\"634\" height=\"640\" \/><img loading=\"lazy\" decoding=\"async\" class=\"aligncenter size-large\" src=\"https:\/\/3.bp.blogspot.com\/-sr1I1w-4iGY\/WWDGIxaWnRI\/AAAAAAAAOKI\/X5vvvqe3jVwx4O458uRWJUUf2PRi9QRPgCLcBGAs\/s640\/contrap.JPG\" width=\"640\" height=\"636\" \/><\/p>\n<p>Muito bom dia a todos os amigos cultos e ocultos! Ao longo de todo este m\u00eas, sempre que poss\u00edvel, estarei aqui lembrando que estamos completando 10 anos de atividades. Acredito que o Toque Musical seja talvez o blog musical mais antigo ainda em atividade. e hist\u00f3rias s\u00e3o o que n\u00e3o faltam&#8230; muita \u00e1gua rolou e continua rolando. N\u00e3o teremos nenhuma festa, nem faremos atividades extras comemorativas, mas dentro do poss\u00edvel vamos presenteando os amigos. Nos pr\u00f3ximos dias estaremos apresentando aqui alguns discos que n\u00e3o s\u00e3o de brasileiros, mas sim, como j\u00e1 fizemos antes, uma semana dedicada \u00e0 m\u00fasica latino-americana. Tenho aqui uma s\u00e9rie de discos, presentes que ganhei do meu amigo F\u00e1res e penso que o momento \u00e9 esse&#8230; Deixo as resenhas para o amigo Samuca, que sempre nos brilha com muita informa\u00e7\u00e3o.<br \/>\nHoje, vamos com a trilha sonora da novela Bravo, realizada em 1975. Tempo bom para a m\u00fasica brasileira, tempo bom para as trilhas da Globo. Nessa \u00e9poca, m\u00fasica e artistas eram coisas de primeira, bem se v\u00ea pela sele\u00e7\u00e3o escalada para musicar a novela. S\u00f3 artistas de primeira. M\u00fasica boa para um tempo bom. N\u00e3o deixem de conferir<\/p>\n<div style=\"text-align: center;\">esse tal de roque enrow &#8211; rita lee<\/div>\n<div style=\"text-align: center;\">sempre cantando &#8211; moraes moreira<\/div>\n<div style=\"text-align: center;\">o amor contra o tempo &#8211; denise emmer<\/div>\n<div style=\"text-align: center;\">balada &#8211; luigi paolo<\/div>\n<div style=\"text-align: center;\">um resto de sol &#8211; gerson conrad e zez\u00e9 motta<\/div>\n<div style=\"text-align: center;\">bravo (abertura) &#8211; orquestra som livre<\/div>\n<div style=\"text-align: center;\">inteira &#8211; luli e lucinha<\/div>\n<div style=\"text-align: center;\">agora s\u00f3 falta voc\u00ea &#8211; rita lee<\/div>\n<div style=\"text-align: center;\">nosotros &#8211; joyce<\/div>\n<div style=\"text-align: center;\">montanh\u00eas &#8211; denise emmer<\/div>\n<div style=\"text-align: center;\">dentro de mim mora um anjo &#8211; sueli costa<\/div>\n<div style=\"text-align: center;\">valsa branca &#8211; orquestra som livre<\/div>\n<div style=\"text-align: center;\">piccadilly rock \u00a0&#8211; duardo dusek<\/div>\n","protected":false},"excerpt":{"rendered":"<p>Muito bom dia a todos os amigos cultos e ocultos! Ao longo de todo este m\u00eas, sempre que poss\u00edvel, estarei aqui lembrando que estamos completando 10 anos de atividades. Acredito que o Toque Musical seja talvez o blog musical mais &hellip; <a href=\"https:\/\/www.toque-musicall.com\/?p=6099\">Continue lendo <span class=\"meta-nav\">&rarr;<\/span><\/a><\/p>\n","protected":false},"author":1,"featured_media":0,"comment_status":"open","ping_status":"closed","sticky":false,"template":"","format":"standard","meta":{"footnotes":""},"categories":[2877,66,346],"tags":[],"class_list":["post-6099","post","type-post","status-publish","format-standard","hentry","category-novela-bravo","category-selo-som-livre","category-trilhas"],"_links":{"self":[{"href":"https:\/\/www.toque-musicall.com\/index.php?rest_route=\/wp\/v2\/posts\/6099","targetHints":{"allow":["GET"]}}],"collection":[{"href":"https:\/\/www.toque-musicall.com\/index.php?rest_route=\/wp\/v2\/posts"}],"about":[{"href":"https:\/\/www.toque-musicall.com\/index.php?rest_route=\/wp\/v2\/types\/post"}],"author":[{"embeddable":true,"href":"https:\/\/www.toque-musicall.com\/index.php?rest_route=\/wp\/v2\/users\/1"}],"replies":[{"embeddable":true,"href":"https:\/\/www.toque-musicall.com\/index.php?rest_route=%2Fwp%2Fv2%2Fcomments&post=6099"}],"version-history":[{"count":1,"href":"https:\/\/www.toque-musicall.com\/index.php?rest_route=\/wp\/v2\/posts\/6099\/revisions"}],"predecessor-version":[{"id":6100,"href":"https:\/\/www.toque-musicall.com\/index.php?rest_route=\/wp\/v2\/posts\/6099\/revisions\/6100"}],"wp:attachment":[{"href":"https:\/\/www.toque-musicall.com\/index.php?rest_route=%2Fwp%2Fv2%2Fmedia&parent=6099"}],"wp:term":[{"taxonomy":"category","embeddable":true,"href":"https:\/\/www.toque-musicall.com\/index.php?rest_route=%2Fwp%2Fv2%2Fcategories&post=6099"},{"taxonomy":"post_tag","embeddable":true,"href":"https:\/\/www.toque-musicall.com\/index.php?rest_route=%2Fwp%2Fv2%2Ftags&post=6099"}],"curies":[{"name":"wp","href":"https:\/\/api.w.org\/{rel}","templated":true}]}}