{"id":61,"date":"2012-05-17T21:55:00","date_gmt":"2012-05-17T21:55:00","guid":{"rendered":"http:\/\/www.toque-musicall.com\/?p=61"},"modified":"2012-05-17T21:55:00","modified_gmt":"2012-05-17T21:55:00","slug":"jorge-goulart-sambas-fantasticos-1962","status":"publish","type":"post","link":"https:\/\/www.toque-musicall.com\/?p=61","title":{"rendered":"Jorge Goulart &#8211; Sambas Fant\u00e1sticos (1962)"},"content":{"rendered":"<div style=\"clear: both; text-align: center;\"><a href=\"http:\/\/1.bp.blogspot.com\/-CRixSzqb6tU\/T7UsR-MIeSI\/AAAAAAAACNA\/ZVL9PWXrkwE\/s1600\/capap.JPG\" style=\"margin-left: 1em; margin-right: 1em;\"><img loading=\"lazy\" decoding=\"async\" border=\"0\" height=\"396\" src=\"http:\/\/1.bp.blogspot.com\/-CRixSzqb6tU\/T7UsR-MIeSI\/AAAAAAAACNA\/ZVL9PWXrkwE\/s400\/capap.JPG\" width=\"400\" \/><\/a><\/div>\n<div style=\"clear: both; text-align: center;\"><a href=\"http:\/\/4.bp.blogspot.com\/-uEoRzvEIXO8\/T7UsGc9JzYI\/AAAAAAAACM4\/Bf519hDwZMQ\/s1600\/contracapap.JPG\" style=\"margin-left: 1em; margin-right: 1em;\"><img loading=\"lazy\" decoding=\"async\" border=\"0\" height=\"400\" src=\"http:\/\/4.bp.blogspot.com\/-uEoRzvEIXO8\/T7UsGc9JzYI\/AAAAAAAACM4\/Bf519hDwZMQ\/s400\/contracapap.JPG\" width=\"391\" \/><\/a><\/div>\n<p>Boa tarde, amigos cultos, ocultos e associados! Vou aproveitando aqui esses 15 minutos de folga para trazer logo a postagem do dia. Meu tempo est\u00e1 curt\u00edssimo, cheio de tarefas. Mal vai dando para a publica\u00e7\u00e3o da postagem de hoje. Mas vamos l\u00e1&#8230;<br \/>Hoje temos o cantor Jorge Goulart em um disco lan\u00e7ado pelo selo Musicolor em 1962. O \u00e1lbum estava um caco, com sua capa mofada e suja, por\u00e9m o disco ainda aguentava mais algumas rodadas e antes que ele se perdesse de vez, aproveitei para digitaliz\u00e1-lo. Recuperei o m\u00e1ximo que pude, preservando deste apenas a frente da capa. Se houvesse mais tempo podeira ter feito melhor, mas prefiro focar os meus cuidados ao conte\u00fado, que \u00e9 \u00f3timo! Temos aqui um repert\u00f3rio de sambas ufanistas, m\u00fasicas que falam da grandeza do Brasil e seu ritmo maior, o samba. Por aqui desfilam temas de diferentes compositores, m\u00fasicas que marcaram para sempre o cancioneiro popular. Um bel\u00edssimo disco que agora eu convido voc\u00eas para ouvirem \ud83d\ude42<\/p>\n<div style=\"text-align: center;\">samba fant\u00e1stico<\/div>\n<div style=\"text-align: center;\">brasil<\/div>\n<div style=\"text-align: center;\">tudo \u00e9 brasil<\/div>\n<div style=\"text-align: center;\">brasil, usina do mundo<\/div>\n<div style=\"text-align: center;\">isto aqui o que \u00e9<\/div>\n<div style=\"text-align: center;\">brasil moreno<\/div>\n<div style=\"text-align: center;\">a voz do morro<\/div>\n<div style=\"text-align: center;\">isso \u00e9 brasil<\/div>\n<div style=\"text-align: center;\">aquarela do brasil<\/div>\n<div style=\"text-align: center;\">onde o c\u00e9u azul \u00e9 mais azul<\/div>\n","protected":false},"excerpt":{"rendered":"<p>Boa tarde, amigos cultos, ocultos e associados! Vou aproveitando aqui esses 15 minutos de folga para trazer logo a postagem do dia. Meu tempo est\u00e1 curt\u00edssimo, cheio de tarefas. Mal vai dando para a publica\u00e7\u00e3o da postagem de hoje. Mas &hellip; <a href=\"https:\/\/www.toque-musicall.com\/?p=61\">Continue lendo <span class=\"meta-nav\">&rarr;<\/span><\/a><\/p>\n","protected":false},"author":1,"featured_media":0,"comment_status":"open","ping_status":"closed","sticky":false,"template":"","format":"standard","meta":{"footnotes":""},"categories":[84,83],"tags":[],"class_list":["post-61","post","type-post","status-publish","format-standard","hentry","category-jorge-goulart","category-selo-musicolor"],"_links":{"self":[{"href":"https:\/\/www.toque-musicall.com\/index.php?rest_route=\/wp\/v2\/posts\/61","targetHints":{"allow":["GET"]}}],"collection":[{"href":"https:\/\/www.toque-musicall.com\/index.php?rest_route=\/wp\/v2\/posts"}],"about":[{"href":"https:\/\/www.toque-musicall.com\/index.php?rest_route=\/wp\/v2\/types\/post"}],"author":[{"embeddable":true,"href":"https:\/\/www.toque-musicall.com\/index.php?rest_route=\/wp\/v2\/users\/1"}],"replies":[{"embeddable":true,"href":"https:\/\/www.toque-musicall.com\/index.php?rest_route=%2Fwp%2Fv2%2Fcomments&post=61"}],"version-history":[{"count":0,"href":"https:\/\/www.toque-musicall.com\/index.php?rest_route=\/wp\/v2\/posts\/61\/revisions"}],"wp:attachment":[{"href":"https:\/\/www.toque-musicall.com\/index.php?rest_route=%2Fwp%2Fv2%2Fmedia&parent=61"}],"wp:term":[{"taxonomy":"category","embeddable":true,"href":"https:\/\/www.toque-musicall.com\/index.php?rest_route=%2Fwp%2Fv2%2Fcategories&post=61"},{"taxonomy":"post_tag","embeddable":true,"href":"https:\/\/www.toque-musicall.com\/index.php?rest_route=%2Fwp%2Fv2%2Ftags&post=61"}],"curies":[{"name":"wp","href":"https:\/\/api.w.org\/{rel}","templated":true}]}}