{"id":610,"date":"2010-12-07T16:51:00","date_gmt":"2010-12-07T16:51:00","guid":{"rendered":"http:\/\/www.toque-musicall.com\/?p=610"},"modified":"2010-12-07T16:51:00","modified_gmt":"2010-12-07T16:51:00","slug":"os-bambucas-no-calor-do-carimbo-1975","status":"publish","type":"post","link":"https:\/\/www.toque-musicall.com\/?p=610","title":{"rendered":"Os Bambucas &#8211; No Calor Do Carimb\u00f3 (1975)"},"content":{"rendered":"<p><a href=\"http:\/\/4.bp.blogspot.com\/_DSKVEvHtskc\/TP6R8NDzebI\/AAAAAAAAHZo\/RyuHWZ5m0Wc\/s1600\/os+bambucas+P.JPG\"><img decoding=\"async\" id=\"BLOGGER_PHOTO_ID_5548032254450825650\" style=\"DISPLAY: block; MARGIN: 0px auto 10px; WIDTH: 400px; CURSOR: hand; HEIGHT: 400px; TEXT-ALIGN: center\" alt=\"\" src=\"http:\/\/4.bp.blogspot.com\/_DSKVEvHtskc\/TP6R8NDzebI\/AAAAAAAAHZo\/RyuHWZ5m0Wc\/s400\/os+bambucas+P.JPG\" border=\"0\" \/><\/a>Ol\u00e1s! Hoje eu vou cutucar os amigos nortistas. Sei que muitas vezes eu n\u00e3o tenho dado a eles a devida aten\u00e7\u00e3o. Mas, aqueles que j\u00e1 me conhecem, sabem o que eu estou passando. A minha rapadura \u00e9 doce, mas n\u00e3o \u00e9 mole n\u00e3o. O bicho por aqui tamb\u00e9m t\u00e1 pegando!<\/p>\n<div>Foi pensando no norte que eu acabei indo de encontro ao Carimb\u00f3. Este ritmo, de origem amaz\u00f4nica e ind\u00edgena \u00e9 considerado por muitos pesquisadores como a base da m\u00fasica paraense. Como tudo e principalmente na m\u00fasica, o ritmo do carimb\u00f3, ao longo de sua exist\u00eancia sofreu diversas transforma\u00e7\u00f5es e influ\u00eancias. Como o samba, o carimb\u00f3 se adapta a diferentes estilos de m\u00fasica. Da\u00ed, muita coisa que a gente ouve pensando ser regional, na verdade n\u00e3o tem nada de original. Ou por outra, muito do que parece carimb\u00f3, tem apenas seu sotaque. O carimb\u00f3, nesse sentido, foi bastante explorado comercialmente por artistas que muitas vezes nem sabiam de onde veio aquilo. O cantor Waldick Soriano, por exemplo, teve a cara de pau de dizer certa vez em um programa de televis\u00e3o que foi ele o inventor do carimb\u00f3. Mesmo apesar de ter sido &#8216;deturpado&#8217; nacionalmente e de forma t\u00e3o comercial, houve um aspecto positivo, que foi o de levar a m\u00fasica nortista para outros cantos do Brasil. Um dos nomes que mais ajudou a divulgar o carimb\u00f3 foi o m\u00fasico paraense Pinduca, considerado um dos precursores do carimb\u00f3 el\u00e9trico, ou carimb\u00f3 moderno, onde entram instrumentos como guitarras e teclados. \u00c9 nessa linha e com quase nada de verdadeiro carimb\u00f3 que o grupo &#8220;Os Bambucas&#8221; monta seu repert\u00f3rio. Temos aqui um lp lan\u00e7ado pelo selo Imperial em 1975, onde estrategicamente eles prepararam uma sele\u00e7\u00e3o musical variada, em sua maioria com temas de sucesso popular da \u00e9poca, que nada tinham a ver com o carimb\u00f3. Foram m\u00fasicas adaptadas ao ritmo do batido do carimb\u00f3. Conforme frisou o pesquisador Jos\u00e9 Ramos Tinhor\u00e3o, a \u00fanica coisa boa nisso tudo foi &#8220;comprovar que o carimb\u00f3 \u00e9 uma batida aberta, uma forma livre de tocar qualquer outro ritmo popular&#8221;. Al\u00e9m do qu\u00ea, n\u00e3o deixou de ser uma &#8220;boa tentativa de massificar um ritmo brasileiro&#8221;.<\/div>\n<div>Falando apenas como um ouvinte festivo e curioso, acho este lp muito interessante. Vai cair muito bem em festas de despedidas de fim de ano. Eu mesmo j\u00e1 selecionei algumas daqui para alegrar e contrabalancear a euforia et\u00edlica da turma que trabalha comigo, em nossa festa que est\u00e1 para acontecer (glup!). Confiram o som&#8230;<\/div>\n<p><\/p>\n<div><\/div>\n<div align=\"center\">severina xique xique &#8211; \u00e9 proibido cochilar<\/div>\n<div align=\"center\">acorda maria bonita &#8211; marinheiro s\u00f3<\/div>\n<div align=\"center\">sinh\u00e1 pureza &#8211; carimb\u00f3 no mato<\/div>\n<div align=\"center\">forr\u00f3 de carimb\u00f3<\/div>\n<div align=\"center\">no calor do carimb\u00f3<\/div>\n<div align=\"center\">um a um &#8211; sebastiana<\/div>\n<div align=\"center\">voc\u00ea zombou de mim &#8211; procurando tu<\/div>\n<div align=\"center\">sapo cururu &#8211; morena eu caio<\/div>\n<div align=\"center\">lobisomem no quintal &#8211; capim gordura<\/div>\n<div align=\"center\">v\u00f4 bat\u00ea p\u00e1 tu &#8211; eu s\u00f3 quero um xod\u00f3<\/div>\n<div align=\"center\">vou me enforcar<\/div>\n<div align=\"center\">ovo de codorna &#8211; o vira<\/div>\n<div align=\"center\"> <\/div>\n<div align=\"center\"> <\/div>\n","protected":false},"excerpt":{"rendered":"<p>Ol\u00e1s! Hoje eu vou cutucar os amigos nortistas. Sei que muitas vezes eu n\u00e3o tenho dado a eles a devida aten\u00e7\u00e3o. Mas, aqueles que j\u00e1 me conhecem, sabem o que eu estou passando. A minha rapadura \u00e9 doce, mas n\u00e3o &hellip; <a href=\"https:\/\/www.toque-musicall.com\/?p=610\">Continue lendo <span class=\"meta-nav\">&rarr;<\/span><\/a><\/p>\n","protected":false},"author":1,"featured_media":0,"comment_status":"open","ping_status":"closed","sticky":false,"template":"","format":"standard","meta":{"footnotes":""},"categories":[904],"tags":[],"class_list":["post-610","post","type-post","status-publish","format-standard","hentry","category-os-bambucas"],"_links":{"self":[{"href":"https:\/\/www.toque-musicall.com\/index.php?rest_route=\/wp\/v2\/posts\/610","targetHints":{"allow":["GET"]}}],"collection":[{"href":"https:\/\/www.toque-musicall.com\/index.php?rest_route=\/wp\/v2\/posts"}],"about":[{"href":"https:\/\/www.toque-musicall.com\/index.php?rest_route=\/wp\/v2\/types\/post"}],"author":[{"embeddable":true,"href":"https:\/\/www.toque-musicall.com\/index.php?rest_route=\/wp\/v2\/users\/1"}],"replies":[{"embeddable":true,"href":"https:\/\/www.toque-musicall.com\/index.php?rest_route=%2Fwp%2Fv2%2Fcomments&post=610"}],"version-history":[{"count":0,"href":"https:\/\/www.toque-musicall.com\/index.php?rest_route=\/wp\/v2\/posts\/610\/revisions"}],"wp:attachment":[{"href":"https:\/\/www.toque-musicall.com\/index.php?rest_route=%2Fwp%2Fv2%2Fmedia&parent=610"}],"wp:term":[{"taxonomy":"category","embeddable":true,"href":"https:\/\/www.toque-musicall.com\/index.php?rest_route=%2Fwp%2Fv2%2Fcategories&post=610"},{"taxonomy":"post_tag","embeddable":true,"href":"https:\/\/www.toque-musicall.com\/index.php?rest_route=%2Fwp%2Fv2%2Ftags&post=610"}],"curies":[{"name":"wp","href":"https:\/\/api.w.org\/{rel}","templated":true}]}}