{"id":6101,"date":"2017-07-08T11:48:51","date_gmt":"2017-07-08T14:48:51","guid":{"rendered":"http:\/\/www.toque-musicall.com\/?p=6101"},"modified":"2017-07-08T11:48:51","modified_gmt":"2017-07-08T14:48:51","slug":"astor-piazzola-mundial-78-1978","status":"publish","type":"post","link":"https:\/\/www.toque-musicall.com\/?p=6101","title":{"rendered":"Astor Piazzola &#8211; Mundial 78 (1978)"},"content":{"rendered":"<p><img loading=\"lazy\" decoding=\"async\" class=\"aligncenter size-large\" src=\"https:\/\/2.bp.blogspot.com\/-uz1p0XZKFdU\/WWDMf3c7KEI\/AAAAAAAAOKg\/ZoeMdU0eSD4SbQfvIFDteBWcIFvswurXwCLcBGAs\/s640\/capa.JPG\" width=\"640\" height=\"622\" \/><img loading=\"lazy\" decoding=\"async\" class=\"aligncenter size-large\" src=\"https:\/\/3.bp.blogspot.com\/-bgy2qhEcspk\/WWDMfFjWMlI\/AAAAAAAAOKc\/OMJhXUA8CNsdfa7hiqKLJReBLw7AE-dfACLcBGAs\/s640\/contra.JPG\" width=\"640\" height=\"639\" \/><\/p>\n<p>Como por certo j\u00e1 sabem nossos amigos, cultos e associados, o Toque Musical completa, em 30 de julho pr\u00f3ximo, dez anos de exist\u00eancia. Uma longa e expressiva trajet\u00f3ria na qual, in\u00fameros tesouros raros da era do vinil, principalmente de m\u00fasica brasileira, foram resgatados, para alegria e satisfa\u00e7\u00e3o de muitos colecionadores. E decidimos comemorar apresentando v\u00e1rios \u00e1lbuns de m\u00fasica popular latino-americana, principalmente de pa\u00edses da Am\u00e9rica do Sul, o continente em que est\u00e1 o nosso Brasil. Para come\u00e7ar, apresentamos um disco gravado pelo not\u00e1vel bandoneonista Astor Piazzolla, tamb\u00e9m considerado o mais importante compositor de tangos da segunda metade do s\u00e9culo XX. Foi no balne\u00e1rio argentino de Mar del Plata que Astor Pantale\u00f3n Piazzolla veio ao mundo, no dia 11 de mar\u00e7o de 1921, filho dos italianos Vicente Piazzolla e Assunta Manetti. Aos quatro anos, mudou-se com a fam\u00edlia para Nova York, EUA, em busca de melhores condi\u00e7\u00f5es de vida. Em seu per\u00edodo norte-americano, tornou-se fluente em espanhol, ingl\u00eas, italiano e franc\u00eas, e come\u00e7ou a se interessar pela m\u00fasica. Em 1929, ganhou de seu pai o primeiro bandone\u00f3n, e, em 1933, come\u00e7ou a estudar piano com o h\u00fangaro Bela Wilde, disc\u00edpulo de Sergei Rachmaninoff.\u00a0 Foi em Nova York que o jovem Astor conheceu nada mais nada menos que Carlos Gardel, quando esteve na cidade para filmar \u201cEl dia que me quieras\u201d, e atuou nessa pel\u00edcula como um garoto entregador de jornais. Quando jovem, Astor tocou e fez orquestra\u00e7\u00f5es para o bandoneonista, compositor e maestro An\u00edbal Troillo, al\u00e9m de estudar teoria harm\u00f4nica e contraponto tradicional com a compositora, educadora e maestrina Nadia Boulanger. \u00a0Ao regressar de Nova York, Piazzolla j\u00e1 mostrava forte influ\u00eancia do jazz em sua m\u00fasica, estabelecendo ent\u00e3o uma nova linguagem, seguida at\u00e9 hoje. \u00a0Ironicamente, quando come\u00e7ou a fazer inova\u00e7\u00f5es no ritmo, no timbre e na harmonia do tango, foi muito criticado por antigos tocadores do g\u00eanero, mais ortodoxos, que bradavam que sua m\u00fasica n\u00e3o era tango de fato. A eles, Piazzolla respondia que era m\u00fasica contempor\u00e2nea de Buenos Aires, que seus seguidores e apreciadores\u00a0 consideravam de fato a cara da metr\u00f3pole argentina. \u00a0Deixou uma vasta e prol\u00edfica discografia, tendo gravado com nomes do porte de Gary Burton, Gerry Mulligan, o violinista Fernando Suarez Paz e o nosso mestre Tom Jobim. Entre seus mais destacados parceiros na Argentina, est\u00e3o a cantora Amelita Baltar, o poeta Horacio Ferrer e o escritor Jorge Lu\u00eds Borges.\u00a0 \u201cBalada para um loco\u201d, \u201cAdi\u00f3s, Nonino\u201d (que fez quando seu pai faleceu, em 1959, e tem mais de 170 grava\u00e7\u00f5es) e \u201cLibertango\u201d, esta \u00faltima constantemente executada por diversas orquestras em todo o mundo.\u00a0 Em 1973, algumas de suas composi\u00e7\u00f5es foram aproveitadas no filme \u201cToda nudez ser\u00e1 castigada\u201d, de Arnaldo Jabor, o que valeu a Piazzolla uma men\u00e7\u00e3o especial do j\u00fari, como melhor trilha, no Festival de Gramado daquele ano. Seu curr\u00edculo, ali\u00e1s, registra tamb\u00e9m apresenta\u00e7\u00f5es p\u00fablicas no Brasil, EUA, It\u00e1lia, Fran\u00e7a e, claro, na Argentina. Astor Piazzolla faleceu em sua Argentina natal, mais precisamente em Buenos Aires, em 4 de julho de 1992, aos 71 anos. Seus restos mortais est\u00e3o sepultados no cemit\u00e9rio Jardin de Paz, em Pilar, ao norte da prov\u00edncia de Buenos Aires, e, desde 2008, o Aeroporto Internacional de Mar del Plata, sua cidade natal, possui o nome de Astor Piazzolla. De sua vast\u00edssima discografia, o TM foi buscar \u201cMundial 78\u201d, gravado na marca italiana Carosello em 1978, por ocasi\u00e3o da Copa do Mundo de Futebol realizada na Argentina, e editado no Brasil pela RGE-Fermata, com o selo Pick. Por sinal vencida pela representa\u00e7\u00e3o da casa, depois de uma pol\u00eamica semifinal em que goleou o Peru por seis a zero (os jogadores peruanos teriam recebido suborno para perder a partida e, assim, tirar do jogo final o Brasil, que acabou com o mesmo numero de pontos da Argentina mas ficou inferiorizado no saldo de gols, tendo de se contentar com o terceiro lugar, obtido em partida contra a It\u00e1lia). Pol\u00eamicas \u00e0 parte, o fato \u00e9 que este disco (que trazia de brinde at\u00e9 mesmo a tabela da Copa 78)\u00a0 \u00e9 muito bem produzido, confirmando a genialidade de mestre Piazzolla. S\u00e3o oito faixas, mostrando diferentes situa\u00e7\u00f5es do futebol, como a faixa-t\u00edtulo e de abertura, \u201cGolazo\u201d \u201cMarcaci\u00f3n\u201d, \u201cC\u00f3rner\u201d (o mesmo que escanteio) e, finalmente, \u201cCampe\u00f3n\u201d. Um grande \u00e1lbum que seguramente \u00e9 um dos pontos altos da discografia de Astor Piazzolla, para sempre um \u00edcone do tango e da m\u00fasica popular mundial. \u00c9 s\u00f3 conferir&#8230;<\/p>\n<div style=\"text-align: center;\">mundial 78<\/div>\n<div style=\"text-align: center;\">marcacion<\/div>\n<div style=\"text-align: center;\">penal<\/div>\n<div style=\"text-align: center;\">gambeta<\/div>\n<div style=\"text-align: center;\">golazo<\/div>\n<div style=\"text-align: center;\">wing<\/div>\n<div style=\"text-align: center;\">corner<\/div>\n<div style=\"text-align: center;\">campeon<\/div>\n<p>*Texto de Samuel Machado Filho<\/p>\n","protected":false},"excerpt":{"rendered":"<p>Como por certo j\u00e1 sabem nossos amigos, cultos e associados, o Toque Musical completa, em 30 de julho pr\u00f3ximo, dez anos de exist\u00eancia. Uma longa e expressiva trajet\u00f3ria na qual, in\u00fameros tesouros raros da era do vinil, principalmente de m\u00fasica &hellip; <a href=\"https:\/\/www.toque-musicall.com\/?p=6101\">Continue lendo <span class=\"meta-nav\">&rarr;<\/span><\/a><\/p>\n","protected":false},"author":1,"featured_media":0,"comment_status":"open","ping_status":"closed","sticky":false,"template":"","format":"standard","meta":{"footnotes":""},"categories":[1842,2878],"tags":[],"class_list":["post-6101","post","type-post","status-publish","format-standard","hentry","category-astor-piazzolla","category-selo-pick"],"_links":{"self":[{"href":"https:\/\/www.toque-musicall.com\/index.php?rest_route=\/wp\/v2\/posts\/6101","targetHints":{"allow":["GET"]}}],"collection":[{"href":"https:\/\/www.toque-musicall.com\/index.php?rest_route=\/wp\/v2\/posts"}],"about":[{"href":"https:\/\/www.toque-musicall.com\/index.php?rest_route=\/wp\/v2\/types\/post"}],"author":[{"embeddable":true,"href":"https:\/\/www.toque-musicall.com\/index.php?rest_route=\/wp\/v2\/users\/1"}],"replies":[{"embeddable":true,"href":"https:\/\/www.toque-musicall.com\/index.php?rest_route=%2Fwp%2Fv2%2Fcomments&post=6101"}],"version-history":[{"count":1,"href":"https:\/\/www.toque-musicall.com\/index.php?rest_route=\/wp\/v2\/posts\/6101\/revisions"}],"predecessor-version":[{"id":6102,"href":"https:\/\/www.toque-musicall.com\/index.php?rest_route=\/wp\/v2\/posts\/6101\/revisions\/6102"}],"wp:attachment":[{"href":"https:\/\/www.toque-musicall.com\/index.php?rest_route=%2Fwp%2Fv2%2Fmedia&parent=6101"}],"wp:term":[{"taxonomy":"category","embeddable":true,"href":"https:\/\/www.toque-musicall.com\/index.php?rest_route=%2Fwp%2Fv2%2Fcategories&post=6101"},{"taxonomy":"post_tag","embeddable":true,"href":"https:\/\/www.toque-musicall.com\/index.php?rest_route=%2Fwp%2Fv2%2Ftags&post=6101"}],"curies":[{"name":"wp","href":"https:\/\/api.w.org\/{rel}","templated":true}]}}