{"id":6104,"date":"2017-07-10T20:14:08","date_gmt":"2017-07-10T23:14:08","guid":{"rendered":"http:\/\/www.toque-musicall.com\/?p=6104"},"modified":"2017-07-15T20:27:42","modified_gmt":"2017-07-15T23:27:42","slug":"elvira-rios-noche-de-ronda-1957","status":"publish","type":"post","link":"https:\/\/www.toque-musicall.com\/?p=6104","title":{"rendered":"Elvira Rios &#8211; Noche De Ronda (1957)"},"content":{"rendered":"<p><img loading=\"lazy\" decoding=\"async\" class=\"aligncenter size-large\" src=\"https:\/\/2.bp.blogspot.com\/-P0RZLzC2VBc\/WWqTDS80URI\/AAAAAAAAOK4\/QyhV6YH_Y-wi5mXqcdpGhBK0n1Wmef0agCLcBGAs\/s640\/elvira%2Brios%2BFp.JPG\" width=\"634\" height=\"640\" \/><img loading=\"lazy\" decoding=\"async\" class=\"aligncenter size-large\" src=\"https:\/\/4.bp.blogspot.com\/-OHxs6DIDXDI\/WWqS4b7LGDI\/AAAAAAAAOKw\/gaR4xxBiIgYYazZDc9Q6FTYNWU5nJIp4wCEwYBhgL\/s640\/contrap.JPG\" width=\"633\" height=\"640\" \/><\/p>\n<p>Confesso que tive uma certa d\u00favida, ao receber este disco para resenhar, se poderia ou n\u00e3o faz\u00ea-lo (antes de saber que ter\u00edamos uma semana tem\u00e1tica, dedicada a m\u00fasica latinoamericana). A maioria esmagadora dos \u00e1lbuns postados pelo nosso TM \u00e9 de produ\u00e7\u00e3o exclusivamente brasileira, e este aqui foi gravado no M\u00e9xico. Mas, como diz o ditado, \u201ctoda regra tem sua exce\u00e7\u00e3o\u201d. Portanto, aqui vai hoje, para nossos amigos cultos, ocultos e associados, um \u00e1lbum de Elvira Rios, primeira cantora mexicana a obter sucesso internacional na era de ouro dos boleros rom\u00e2nticos, lan\u00e7ado em 1957 pela RCA Victor. Foi l\u00e1 mesmo na cidade do M\u00e9xico, a capital do pa\u00eds, que\u00a0 Mar\u00eda Elvira Gallegos Rios veio ao mundo, no dia 16 de novembro de 1913. Desde muito cedo, ela manifestou o vivo desejo de ser\u00a0 cantora. Assim, bem jovem, e sem receio algum, apresentou-se para um teste perante o poderoso Em\u00edlio Azcarraga, diretor da R\u00e1dio XEW (um dos embri\u00f5es do poderoso conglomerado Televisa).\u00a0 Devidamente aprovada e contratada, ali apresentou-se durante um ano e meio em tr\u00eas programas di\u00e1rios de 15 minutos cada. Em 1937, apareceu pela primeira vez no cinema, cantando no filme mexicano \u201cEsos hombres!\u201d. Manuel Riachi, ent\u00e3o assistente de Arthur Hornlow Jr., dos est\u00fadios Paramount, de Hollywood, gostou da voz de Elvira e a indicou a ele, o que possibilitou a Elvira sua primeira apari\u00e7\u00e3o como atriz, no filme \u201cFeiti\u00e7o do tr\u00f3pico (Tropic holiday)\u201d, de 1938, estrelado por Ray Milland e Dorothy Lamour. Em seguida, Elvira apresentou-se na casa noturna La Martinique, de Nova York, conquistando o p\u00fablico com sua voz grave, quente, sincera e dram\u00e1tica, e sua figura misteriosa e desesperadamente rom\u00e2ntica, ressaltada por seu tipo de \u00edndia. No in\u00edcio de 1939, apresentou-se no luxuoso Miami-Biltimiros, e, ao voltar para Nova York, fez suas primeiras grava\u00e7\u00f5es, para a Decca, que marcaram \u00e9poca e ainda hoje s\u00e3o bastante apreciadas, com arranjos de Jos\u00e9 Morand e Nuno Morales. Em Hollywood, participou ainda dos filmes \u201cNo tempo das dilig\u00eancias (Stagecoach)\u201d,\u00a0 \u201cCupid rides the range\u201d e \u201cA verdadeira gl\u00f3ria (The real glory\u201d), os tr\u00eas de 1939. Ao voltar para o seu M\u00e9xico, em gozo de merecidas f\u00e9rias, Elvira teve a satisfa\u00e7\u00e3o de ser precedida pelos ecos de seus sucessos alcan\u00e7ados nos EUA, um mercado art\u00edstico sempre dif\u00edcil, em especial para os latinos. E sua carreira de grande estrela da can\u00e7\u00e3o latino-americana prosseguiu por v\u00e1rios pa\u00edses. Na Argentina, filmou \u201cVem! Meu cora\u00e7\u00e3o te chama\u201d (1942) e \u201cTango vuelve a Paris\u201d (1948). Em seu M\u00e9xico de origem, atuou ainda no filme \u201cMurallas de pasi\u00f3n\u201d (1942). \u00c9 claro que Elvira tamb\u00e9m ficou bastante conhecida aqui no Brasil, onde foi atra\u00e7\u00e3o no Cassino da Urca e, na d\u00e9cada de 1950, chegou a gravar um LP de dez polegadas na Musidisc, uma das pioneiras do vinil em territ\u00f3rio tupiniquim. Elvira Rios faleceu em seu M\u00e9xico natal no dia 13 de janeiro de 1987, aos 73 anos de idade. Entretanto, sempre ter\u00e1 o carinho daqueles que n\u00e3o entendem a vida sem o romantismo, mesmo que para sofrer as consequ\u00eancias do amor feito de desencontros. Sendo assim, \u00e9 digna merecedora\u00a0 da postagem de hoje do TM, com este \u201cNoche de ronda\u201d. A faixa-t\u00edtulo e de abertura\u00a0 tem sido creditada a Maria Tereza Lara, irm\u00e3 de Agustin Lara, mas na verdade \u00e9 dele pr\u00f3prio, que a registrou em nome da \u201chermana\u201d. Ao longo das catorze faixas, acompanhada pela orquestra de Chucho Zarzosa, Elvira nos traz um repert\u00f3rio com belas p\u00e1ginas da m\u00fasica popular latino-americana, compostas por nomes do quilate de Maria Grever (\u201cYa no me quieres\u201d), Gonzalo Curiel (\u201cMe aguerdo de ti\u201d, \u201cCalla tristeza\u201d, \u201cNoche de luna\u201d), M\u00e1rio Clavel (\u201cMi carta\u201d, \u201cDesencuentro\u201d)\u00a0 e Consuelo Velasquez (\u201cFranqueza\u201d).\u00a0 E, de Agustin Lara, ela ainda interpreta \u201cSanta\u201d e \u201cJanitzio\u201d. Em suma, este disco \u00e9 um prato cheio para os f\u00e3s da melhor m\u00fasica rom\u00e2ntica latino-americana, oferecida pela inesquec\u00edvel Elvira Rios em brilhantes interpreta\u00e7\u00f5es. Para ouvir e sonhar&#8230;<\/p>\n<div style=\"text-align: center;\">noche de ronda<\/div>\n<div style=\"text-align: center;\">una mujer<\/div>\n<div style=\"text-align: center;\">santa<\/div>\n<div style=\"text-align: center;\">franqueza<\/div>\n<div style=\"text-align: center;\">ya no me quieres<\/div>\n<div style=\"text-align: center;\">canciones de guly cardenas<\/div>\n<div style=\"text-align: center;\">me acuerdo de ti<\/div>\n<div style=\"text-align: center;\">mi carta<\/div>\n<div style=\"text-align: center;\">janitzio<\/div>\n<div style=\"text-align: center;\">calla tristeza<\/div>\n<div style=\"text-align: center;\">desencuentro<\/div>\n<div style=\"text-align: center;\">noches de luna<\/div>\n<p>*Texto de Samuel Machado Filho<\/p>\n","protected":false},"excerpt":{"rendered":"<p>Confesso que tive uma certa d\u00favida, ao receber este disco para resenhar, se poderia ou n\u00e3o faz\u00ea-lo (antes de saber que ter\u00edamos uma semana tem\u00e1tica, dedicada a m\u00fasica latinoamericana). A maioria esmagadora dos \u00e1lbuns postados pelo nosso TM \u00e9 de &hellip; <a href=\"https:\/\/www.toque-musicall.com\/?p=6104\">Continue lendo <span class=\"meta-nav\">&rarr;<\/span><\/a><\/p>\n","protected":false},"author":1,"featured_media":0,"comment_status":"open","ping_status":"closed","sticky":false,"template":"","format":"standard","meta":{"footnotes":""},"categories":[865,70],"tags":[],"class_list":["post-6104","post","type-post","status-publish","format-standard","hentry","category-elvira-rios","category-selo-rca-victor"],"_links":{"self":[{"href":"https:\/\/www.toque-musicall.com\/index.php?rest_route=\/wp\/v2\/posts\/6104","targetHints":{"allow":["GET"]}}],"collection":[{"href":"https:\/\/www.toque-musicall.com\/index.php?rest_route=\/wp\/v2\/posts"}],"about":[{"href":"https:\/\/www.toque-musicall.com\/index.php?rest_route=\/wp\/v2\/types\/post"}],"author":[{"embeddable":true,"href":"https:\/\/www.toque-musicall.com\/index.php?rest_route=\/wp\/v2\/users\/1"}],"replies":[{"embeddable":true,"href":"https:\/\/www.toque-musicall.com\/index.php?rest_route=%2Fwp%2Fv2%2Fcomments&post=6104"}],"version-history":[{"count":1,"href":"https:\/\/www.toque-musicall.com\/index.php?rest_route=\/wp\/v2\/posts\/6104\/revisions"}],"predecessor-version":[{"id":6105,"href":"https:\/\/www.toque-musicall.com\/index.php?rest_route=\/wp\/v2\/posts\/6104\/revisions\/6105"}],"wp:attachment":[{"href":"https:\/\/www.toque-musicall.com\/index.php?rest_route=%2Fwp%2Fv2%2Fmedia&parent=6104"}],"wp:term":[{"taxonomy":"category","embeddable":true,"href":"https:\/\/www.toque-musicall.com\/index.php?rest_route=%2Fwp%2Fv2%2Fcategories&post=6104"},{"taxonomy":"post_tag","embeddable":true,"href":"https:\/\/www.toque-musicall.com\/index.php?rest_route=%2Fwp%2Fv2%2Ftags&post=6104"}],"curies":[{"name":"wp","href":"https:\/\/api.w.org\/{rel}","templated":true}]}}