{"id":6110,"date":"2017-07-15T21:25:52","date_gmt":"2017-07-16T00:25:52","guid":{"rendered":"http:\/\/www.toque-musicall.com\/?p=6110"},"modified":"2017-07-16T21:31:51","modified_gmt":"2017-07-17T00:31:51","slug":"violeta-parra-canciones-ineditas-1980","status":"publish","type":"post","link":"https:\/\/www.toque-musicall.com\/?p=6110","title":{"rendered":"Violeta Parra &#8211; Canciones Ineditas (1980)"},"content":{"rendered":"<p><img loading=\"lazy\" decoding=\"async\" class=\"aligncenter size-large\" src=\"https:\/\/4.bp.blogspot.com\/-oFaMiKcR6as\/WWqcX43_PUI\/AAAAAAAAOLU\/QF9OII7u3sMyL7cie0w-VPEE78vcHwxPQCLcBGAs\/s640\/capap.JPG\" width=\"640\" height=\"637\" \/><img loading=\"lazy\" decoding=\"async\" class=\"aligncenter size-large\" src=\"https:\/\/1.bp.blogspot.com\/-ItQxlF1PMcM\/WWqcYwcQv0I\/AAAAAAAAOLY\/OFBjR7g_W2APTm0lB4s3xenBnnRvwER2QCLcBGAs\/s640\/contrap.JPG\" width=\"640\" height=\"630\" \/><\/p>\n<p>Dando prosseguimento a seu ciclo latino-americano, o TM hoje nos oferece um \u00e1lbum daquela que \u00e9 considerada a mais importante folclorista e fundadora da m\u00fasica popular chilena. Estamos falando de Violeta Parra. Compositora, cantora, artista pl\u00e1stica e ceramista, Violeta del C\u00e1rmen Parra Sandoval nasceu na cidade de San Carlos, comuna da prov\u00edncia de \u00d1uble, em 4 de outubro de 1917, filha de um professor de m\u00fasica (Nicanor Parra) e de uma camponesa (Clarisa Sandoval), ambos admiradores da m\u00fasica folcl\u00f3rica. Tinha oito irm\u00e3os e dois meio irm\u00e3os (filhos de um relacionamento anterior da m\u00e3e). Passou grande parte de sua inf\u00e2ncia em Lautaro, aos tr\u00eas anos teve var\u00edola, e morou ainda em distintas localidades da zona de Chill\u00e1n, onde teve suas primeiras experi\u00eancias art\u00edsticas, compondo suas primeiras can\u00e7\u00f5es para viol\u00e3o em 1929. Estudou at\u00e9 o segundo ano do secund\u00e1rio, e abandonou os bancos escolares em 1934,para trabalhar e cantar com seus irm\u00e3os em bares e circos. Autodidata, cantora e violonista desde os nove anos, ingressou de vez na carreira musical aos quinze, ap\u00f3s a morte do pai, deixando a casa da m\u00e3e, no interior chileno, e indo morar em Santiago com o irm\u00e3o Nicanor, que estudava na capital. Na \u00e9poca, formou com sua irm\u00e3 Hilda o duo Las Hermanas Parra, que cantava m\u00fasicas folcl\u00f3ricas na noite. \u00c9 quando conhece o ferrovi\u00e1rio Lu\u00eds Cereceda, com quem se casou em 1938 e teve dois filhos que tamb\u00e9m seguiriam carreira musical, Isabel e \u00c1ngel, separando-se em 1948. A desilus\u00e3o desse relacionamento marcaria a vida e a obra de Violeta. Ela gravou seu primeiro disco em 1949, em parceria com a irm\u00e3 Hilda, e contraiu segundas n\u00fapcias com Lu\u00eds Arce, tendo com ele duas filhas, Lu\u00edsa C\u00e1rmen e Rosita Clara, que faleceu de pneumonia, antes de completar um ano de idade. Em 1952, come\u00e7ou a pesquisar as ra\u00edzes folcl\u00f3ricas chilenas e comp\u00f4s os primeiras temas musicais que a celebrizaram, ocasi\u00e3o em que tamb\u00e9m teve programa de r\u00e1dio. Chegou a catalogar mais de 3 mil can\u00e7\u00f5es tradicionais! \u201cGracias a la vida\u201d, \u201cM\u00edren como sor\u00eden\u201d, \u201cLa carta\u201d \u00a0e \u201cVolver a los 17\u201d est\u00e3o entre seus mais conhecidos trabalhos. Em 1955, visitou a Uni\u00e3o Sovi\u00e9tica, Londres e Paris, cidade onde residiu por dois anos, e realizou grava\u00e7\u00f5es para a BBC, e para os selos Odeon e Chant du Monde. Em 1957 radicou-se em Concepci\u00f3n e voltou a Santiago para iniciar uma nova carreira, a de artista pl\u00e1stica. Em 1961, mudou-se para a Argentina, onde fez grande sucesso em apresenta\u00e7\u00f5es p\u00fablicas. Voltou a Paris e l\u00e1 ficou por mais tr\u00eas anos, percorrendo v\u00e1rias cidades da Europa, inclusive Genebra, na Su\u00ed\u00e7a. Violeta regressou ao Chile em 1965, apresentou-se na Bol\u00edvia e, de volta ao pa\u00eds natal, instalou uma grande tenda na comuna de La Reina, objetivando convert\u00ea-la em um grande centro de refer\u00eancia para a cultura folcl\u00f3rica chilena, junto com os filhos \u00c1ngel e Isabel, e os folcloristas Patr\u00edcio Manns, Rolando Alarcon e Victor Jara. Entretanto, Violeta Parra n\u00e3o teve sucesso nesse empreendimento, o que coincidiu com o fim do relacionamento amoroso com seu terceiro marido, o m\u00fasico su\u00ed\u00e7o, Gilbert Favr\u00e9, e, abatida emocionalmente, suicidou-se no dia 5 de fevereiro de 1967, na tenda de La Reina. Tr\u00eas anos depois, \u00e9 publicado seu primeiro livro de poemas, por iniciativa do irm\u00e3o Nicanor. De sua extensa discografia, o TM traz hoje para seus amigos cultos, ocultos e associados \u201cCanciones ineditas\u201d, originalmente lan\u00e7ado em 1975 pela Intermusique, de Luxemburgo, e que aportou no Brasil em 1980, pela extinta Copacabana. Em onze faixas, encontraremos tudo que caracteriza a obra de Violeta: algumas m\u00fasicas de extremo lirismo, associadas a outras de versos\u00a0 demolidores contra toda injusti\u00e7a social, enfim, caracter\u00edsticas que fizeram suas can\u00e7\u00f5es serem entoadas por gera\u00e7\u00f5es de revolucion\u00e1rios latino-americanos em ocupa\u00e7\u00f5es e barricadas. Um \u00e1lbum que merece ser baixado, ouvido e guardado, apresentando trabalhos ent\u00e3o in\u00e9ditos desta que \u00e9 considerada a m\u00e3e da can\u00e7\u00e3o comprometida com a luta dos oprimidos e explorados. Ou seja: nada mais atual!<\/p>\n<div style=\"text-align: center;\">violeta ausente<\/div>\n<div style=\"text-align: center;\">me voy me voy<\/div>\n<div style=\"text-align: center;\">miren como corre el agua<\/div>\n<div style=\"text-align: center;\">la jardinera<\/div>\n<div style=\"text-align: center;\">dicen que el aji maduro<\/div>\n<div style=\"text-align: center;\">donde estas prenda querida<\/div>\n<div style=\"text-align: center;\">ojos negros matadores<\/div>\n<div style=\"text-align: center;\">aqui acaba esta cueca<\/div>\n<div style=\"text-align: center;\">el gavilan<\/div>\n<div style=\"text-align: center;\">mariana<\/div>\n<div style=\"text-align: center;\">paimiti<\/div>\n<p>*Texto de Samuel Machado Filho<\/p>\n","protected":false},"excerpt":{"rendered":"<p>Dando prosseguimento a seu ciclo latino-americano, o TM hoje nos oferece um \u00e1lbum daquela que \u00e9 considerada a mais importante folclorista e fundadora da m\u00fasica popular chilena. Estamos falando de Violeta Parra. Compositora, cantora, artista pl\u00e1stica e ceramista, Violeta del &hellip; <a href=\"https:\/\/www.toque-musicall.com\/?p=6110\">Continue lendo <span class=\"meta-nav\">&rarr;<\/span><\/a><\/p>\n","protected":false},"author":1,"featured_media":0,"comment_status":"open","ping_status":"closed","sticky":false,"template":"","format":"standard","meta":{"footnotes":""},"categories":[152,1857],"tags":[],"class_list":["post-6110","post","type-post","status-publish","format-standard","hentry","category-selo-copacabana","category-violeta-parra"],"_links":{"self":[{"href":"https:\/\/www.toque-musicall.com\/index.php?rest_route=\/wp\/v2\/posts\/6110","targetHints":{"allow":["GET"]}}],"collection":[{"href":"https:\/\/www.toque-musicall.com\/index.php?rest_route=\/wp\/v2\/posts"}],"about":[{"href":"https:\/\/www.toque-musicall.com\/index.php?rest_route=\/wp\/v2\/types\/post"}],"author":[{"embeddable":true,"href":"https:\/\/www.toque-musicall.com\/index.php?rest_route=\/wp\/v2\/users\/1"}],"replies":[{"embeddable":true,"href":"https:\/\/www.toque-musicall.com\/index.php?rest_route=%2Fwp%2Fv2%2Fcomments&post=6110"}],"version-history":[{"count":1,"href":"https:\/\/www.toque-musicall.com\/index.php?rest_route=\/wp\/v2\/posts\/6110\/revisions"}],"predecessor-version":[{"id":6111,"href":"https:\/\/www.toque-musicall.com\/index.php?rest_route=\/wp\/v2\/posts\/6110\/revisions\/6111"}],"wp:attachment":[{"href":"https:\/\/www.toque-musicall.com\/index.php?rest_route=%2Fwp%2Fv2%2Fmedia&parent=6110"}],"wp:term":[{"taxonomy":"category","embeddable":true,"href":"https:\/\/www.toque-musicall.com\/index.php?rest_route=%2Fwp%2Fv2%2Fcategories&post=6110"},{"taxonomy":"post_tag","embeddable":true,"href":"https:\/\/www.toque-musicall.com\/index.php?rest_route=%2Fwp%2Fv2%2Ftags&post=6110"}],"curies":[{"name":"wp","href":"https:\/\/api.w.org\/{rel}","templated":true}]}}