{"id":6112,"date":"2017-07-17T15:58:21","date_gmt":"2017-07-17T18:58:21","guid":{"rendered":"http:\/\/www.toque-musicall.com\/?p=6112"},"modified":"2017-07-22T16:03:02","modified_gmt":"2017-07-22T19:03:02","slug":"los-fortineros-cancao-da-america-1981","status":"publish","type":"post","link":"https:\/\/www.toque-musicall.com\/?p=6112","title":{"rendered":"Los Fortineros &#8211; Can\u00e7\u00e3o da Am\u00e9rica (1981)"},"content":{"rendered":"<p><img loading=\"lazy\" decoding=\"async\" class=\"aligncenter size-large\" src=\"https:\/\/2.bp.blogspot.com\/-o5h5XIv0U-o\/WXOX1kwFazI\/AAAAAAAAOLo\/YAnNhM2FvwUpqkW7SagX9mS1JS3YhwzBACLcBGAs\/s640\/capap.JPG\" width=\"640\" height=\"632\" \/><img loading=\"lazy\" decoding=\"async\" class=\"aligncenter size-large\" src=\"https:\/\/3.bp.blogspot.com\/-mKH58egeBmo\/WXOX2BJRNdI\/AAAAAAAAOLs\/wYY2FLHFpmUOUXSoR6Dx7MmcG4H27p-bACLcBGAs\/s640\/contrap.JPG\" width=\"640\" height=\"632\" \/><\/p>\n<p>Prosseguindo o ciclo que o TM dedica \u00e0 m\u00fasica popular e folcl\u00f3rica latino-americana, aqui est\u00e1, para deleite de nossos amigos cultos, ocultos e associados, um \u00e1lbum dedicado \u00e0 musica do Uruguai, que partilha suas origens ga\u00fachas com a Argentina, de forma que o tango tem uma import\u00e2ncia relevante no pa\u00eds. \u00c9 \u201cCan\u00e7\u00e3o da Am\u00e9rica\u201d, gravado no Brasil em 1981 pelo grupo Los Fortineros. \u00c9 mais um \u00e1lbum cuja produ\u00e7\u00e3o foi coordenada por Lucas Robles, que, como voc\u00eas j\u00e1 sabem, \u00e9 argentino radicado em territ\u00f3rio brazuca. O \u00e1lbum foi lan\u00e7ado pela gravadora Cristal Discos, ex-Bandeirantes, que j\u00e1 n\u00e3o tinha mais v\u00ednculo com a rede de televis\u00e3o hom\u00f4nima. Na verdade, o Grupo Bandeirantes era s\u00f3cio do m\u00fasico Cl\u00e1udio Petraglia na gravadora, e decidiu vender sua parte. Detalhes \u00e0 parte, o disco \u00e9 um apanhado interessante, reunindo expressivos trabalhos de compositores uruguaios, tipo Alfredo Zitarrosa (\u201cDo\u00f1a Soledad\u201d, \u201cEl retobao\u201d, \u201cMilonga para uma ni\u00f1a\u2019, \u201cP\u2019al que se va\u201d), Edoardo Mateo (\u201cTamboriles\u201d), Geronimo Yorio , Carmelo Imperio e Romeo Gavioli (os tr\u00eas assinando o cl\u00e1ssico \u201cBaile de los morenos\u201d), Daniel Vigilieti (\u201cCanci\u00f3n para mi Am\u00e9rica\u201d) e An\u00edbal Sampayo (\u201cKi chororo\u201d), com direito at\u00e9 uma obra-prima do venezuelano Eloy Blanco, \u201cAngelitos negros\u201d. Os cinco membros do grupo, apoiados pelo bandoneonista\u00a0 Hugo Abelo, pelo pianista Roberto Abitante e pelo baixista Ricardo Sorondo, mostram extrema compet\u00eancia, fazendo deste trabalho uma pe\u00e7a de colecionador digna de integrar o ciclo latino de nosso TM. A conferir, sem falta&#8230;<\/p>\n<div style=\"text-align: center;\">do\u00f1a soledad<\/div>\n<div style=\"text-align: center;\">ki chororo<\/div>\n<div style=\"text-align: center;\">siga el baile<\/div>\n<div style=\"text-align: center;\">el retobao<\/div>\n<div style=\"text-align: center;\">angelitos negros<\/div>\n<div style=\"text-align: center;\">baile de los morenos<\/div>\n<div style=\"text-align: center;\">cancion para mi america<\/div>\n<div style=\"text-align: center;\">milonga para una ni\u00f1a<\/div>\n<div style=\"text-align: center;\">candela<\/div>\n<div style=\"text-align: center;\">p&#8217;al que se va<\/div>\n<div style=\"text-align: center;\">chiquillada<\/div>\n<div style=\"text-align: center;\">tamboriles<\/div>\n<p>*Texto de Samuel Machado Filho<\/p>\n","protected":false},"excerpt":{"rendered":"<p>Prosseguindo o ciclo que o TM dedica \u00e0 m\u00fasica popular e folcl\u00f3rica latino-americana, aqui est\u00e1, para deleite de nossos amigos cultos, ocultos e associados, um \u00e1lbum dedicado \u00e0 musica do Uruguai, que partilha suas origens ga\u00fachas com a Argentina, de &hellip; <a href=\"https:\/\/www.toque-musicall.com\/?p=6112\">Continue lendo <span class=\"meta-nav\">&rarr;<\/span><\/a><\/p>\n","protected":false},"author":1,"featured_media":0,"comment_status":"open","ping_status":"closed","sticky":false,"template":"","format":"standard","meta":{"footnotes":""},"categories":[2882,2452],"tags":[],"class_list":["post-6112","post","type-post","status-publish","format-standard","hentry","category-los-fortineros","category-selo-clack"],"_links":{"self":[{"href":"https:\/\/www.toque-musicall.com\/index.php?rest_route=\/wp\/v2\/posts\/6112","targetHints":{"allow":["GET"]}}],"collection":[{"href":"https:\/\/www.toque-musicall.com\/index.php?rest_route=\/wp\/v2\/posts"}],"about":[{"href":"https:\/\/www.toque-musicall.com\/index.php?rest_route=\/wp\/v2\/types\/post"}],"author":[{"embeddable":true,"href":"https:\/\/www.toque-musicall.com\/index.php?rest_route=\/wp\/v2\/users\/1"}],"replies":[{"embeddable":true,"href":"https:\/\/www.toque-musicall.com\/index.php?rest_route=%2Fwp%2Fv2%2Fcomments&post=6112"}],"version-history":[{"count":1,"href":"https:\/\/www.toque-musicall.com\/index.php?rest_route=\/wp\/v2\/posts\/6112\/revisions"}],"predecessor-version":[{"id":6113,"href":"https:\/\/www.toque-musicall.com\/index.php?rest_route=\/wp\/v2\/posts\/6112\/revisions\/6113"}],"wp:attachment":[{"href":"https:\/\/www.toque-musicall.com\/index.php?rest_route=%2Fwp%2Fv2%2Fmedia&parent=6112"}],"wp:term":[{"taxonomy":"category","embeddable":true,"href":"https:\/\/www.toque-musicall.com\/index.php?rest_route=%2Fwp%2Fv2%2Fcategories&post=6112"},{"taxonomy":"post_tag","embeddable":true,"href":"https:\/\/www.toque-musicall.com\/index.php?rest_route=%2Fwp%2Fv2%2Ftags&post=6112"}],"curies":[{"name":"wp","href":"https:\/\/api.w.org\/{rel}","templated":true}]}}