{"id":6114,"date":"2017-07-19T16:03:15","date_gmt":"2017-07-19T19:03:15","guid":{"rendered":"http:\/\/www.toque-musicall.com\/?p=6114"},"modified":"2017-07-22T16:08:37","modified_gmt":"2017-07-22T19:08:37","slug":"mercedes-sosa-grandes-artistas-1972","status":"publish","type":"post","link":"https:\/\/www.toque-musicall.com\/?p=6114","title":{"rendered":"Mercedes Sosa &#8211; Grandes Artistas (1972)"},"content":{"rendered":"<p><img loading=\"lazy\" decoding=\"async\" class=\"aligncenter size-large\" src=\"https:\/\/4.bp.blogspot.com\/-yunWja7Rjfo\/WXOacVFjKLI\/AAAAAAAAOL4\/CfkewB9TidYPkkXDKVrLfnNKRSdqeW9mwCLcBGAs\/s640\/capap.JPG\" width=\"637\" height=\"640\" \/><img loading=\"lazy\" decoding=\"async\" class=\"aligncenter size-large\" src=\"https:\/\/1.bp.blogspot.com\/-tho1GCxPXTI\/WXOac564bFI\/AAAAAAAAOL8\/Ya0Qc-8a3s0z02sDt8Djr1ZY8pM_-g-zQCLcBGAs\/s640\/int12.JPG\" width=\"640\" height=\"628\" \/><\/p>\n<p>E eis que o TM oferece hoje a seus amigos cultos, ocultos e associados, dentro de seu ciclo dedicado \u00e0 m\u00fasica folcl\u00f3rica e popular latino-americana, uma compila\u00e7\u00e3o daquela que, sem d\u00favida, foi um dos maiores \u00edcones do g\u00eanero, \u201ca voz dos sem voz\u201d, e uma das expoentes do movimento \u201cNueva canci\u00f3n\u201d. Estamos falando de Hayd\u00e9e Mercedes Sosa, que recebeu de seus f\u00e3s o apelido de \u201cLa Negra\u201d, por sua ascend\u00eancia amer\u00edndia, e n\u00e3o por causa dos longos cabelos negros, como se erroneamente acreditava). Mercedes veio ao mundo na cidade de San Miguel de Tucuman, no noroeste da Argentina, em 9 de julho de 1935 (nessa data, curiosamente, em 1816, e na mesma cidade, foi assinada a declara\u00e7\u00e3o de Independ\u00eancia da Argentina). Sempre foi patriota, e tamb\u00e9m \u00e1rdua defensora do Pan-americanismo e da integra\u00e7\u00e3o dos povos latino-americanos. Criada durante o governo de Juan Domingo Peron, Mercedes cresceu embalada pela ideologia peronista, recebendo, como quase todos de sua gera\u00e7\u00e3o, uma influ\u00eancia muito grande da mitol\u00f3gica Evita. Sua ascend\u00eancia era mesti\u00e7a (mistura de europeus com americanos e \u00edndios): francesa e dos ind\u00edgenas do grupo diaguita. Sua carreira art\u00edstica iniciou-se em 1950, quando venceu, na plenitude de seus quinze anos, um concurso de canto promovido pela r\u00e1dio de sua cidade natal, ganhando um contrato de dois meses com a emissora. Em 1962 \u00e9 lan\u00e7ado seu primeiro \u00e1lbum, \u201cLa voz de la zafra\u201d, gravado no ano anterior. Em seguida, ficou conhecida entre os povos ind\u00edgenas argentinos \u00a0ao fazer uma performance no Festival Folcl\u00f3rico Nacional. Sua preocupa\u00e7\u00e3o s\u00f3cio-pol\u00edtica refletia-se no repert\u00f3rio que interpretava, tendo sido uma das maiores expoentes do movimento \u201cNueva canci\u00f3n\u201d, movimento musical com ra\u00edzes africanas, cubanas, andinas e espanholas, marcado por uma ideologia de recha\u00e7o ao imperialismo norte-americano, ao consumismo e \u00e0s desigualdades sociais. Al\u00e9m do sucesso na Argentina, apresentou-se tamb\u00e9m em pa\u00edses da Am\u00e9rica e da Europa. A tem\u00e1tica social e liga\u00e7\u00e3o com a esquerda tamb\u00e9m lhe renderam dissabores. Em 1979, em La Plata, durante a ditadura argentina, por exemplo, um show da artista foi invadido pelos militares, e tanto ela quanto o p\u00fablico presente foi parar na pris\u00e3o! Banida no pr\u00f3prio pa\u00eds, Mercedes decidiu se exilar, primeiro em Paris, depois em Madri. Voltou \u00e0 Argentina em 1982, v\u00e1rios meses antes do colapso da ditadura militar argentina, resultado da fracassada Guerra das Malvinas, e deu uma s\u00e9rie de shows no Teatro C\u00f3lon, em Buenos Aires, onde convidou muitos colegas jovens para cantar com ela (um LP duplo com grava\u00e7\u00f5es dessas performances logo fez sucesso). E continuou a se apresentar nos anos seguintes, n\u00e3o s\u00f3 na Argentina, como tamb\u00e9m no exterior, cantando em lugares como o Lincoln Center, o Carnegie Hall e o Teatro\u00a0 Mogador. Entre os artistas que gravaram com ela est\u00e3o Fito P\u00e1ez, M\u00edlton Nascimento, L\u00e9on Gieco, Daniela Mercury, Beth Carvalho, Chico Buarque, Fagner, Sting, Andrea Bocelli e at\u00e9 mesmo a colombiana Shakira. Tem mais de 50 \u00e1lbuns em sua discografia, e foi considerada a melhor int\u00e9rprete das composi\u00e7\u00f5es\u00a0 do argentino Atahualpa Yupanqui e da chilena Violeta Parra. Ganhou quatro vezes o Grammy Latino de melhor \u00e1lbum de m\u00fasica folcl\u00f3rica (em 2000, por \u201cMisa Criolla\u201d, em 2003 por \u201cAc\u00fastico\u201d, em 2006 por \u201cCoraz\u00f3n libre\u201d e j\u00e1 postumamente, em 2009, por \u201cCantora\u00a0 1\u201d). E continuaria em atividade at\u00e9 falecer, em 4 de outubro de 2009, aos 74 anos, de problemas renais. Hoje, o TM oferece a voc\u00eas uma colet\u00e2nea com algumas das melhores grava\u00e7\u00f5es da not\u00e1vel e imortal Mercedes Sosa, lan\u00e7ada pela Philips argentina dentro de uma s\u00e9rie denominada \u201cGrandes artistas\u201d, e reunindo grava\u00e7\u00f5es feitas entre 1966 e 1972 (talvez o disco seja de 1975). S\u00e3o treze faixas em que ela nos apresenta um repert\u00f3rio de primeira linha, de renomados compositores populares latinos, como Atahualpa Yupanqui (\u201cDuerme mi negrito\u201d, tema folcl\u00f3rico recolhido por ele), Armando Tejada Gomez (\u201cCanci\u00f3n com todos\u201d), H. Rufo Herrera (\u201cZamba del chaguanco\u2019), Ariel Ramirez (que tamb\u00e9m a acompanha ao piano em \u201cAlfonsina y el mar\u201d), Figueredo Iramain (\u2018Cancion del derrume \u00edndio\u201d) e Violeta Parra (\u201cGracias a la vida\u201d, cl\u00e1ssico que mereceu interpreta\u00e7\u00e3o inesquec\u00edvel de Mercedes). Tudo isso mostrando a for\u00e7a e o talento desta inesquec\u00edvel int\u00e9rprete, com todos os atributos que a fizeram, com justi\u00e7a, uma gigante da m\u00fasica latino-americana contempor\u00e2nea. E aten\u00e7\u00e3o: brevemente, estaremos postando mais \u00e1lbuns de Mercedes Sosa. Aguardem!<\/p>\n<div style=\"text-align: center;\">al jardin de la republica<\/div>\n<div style=\"text-align: center;\">duerme negrito<\/div>\n<div style=\"text-align: center;\">chayita del vidalero<\/div>\n<div style=\"text-align: center;\">tristeza<\/div>\n<div style=\"text-align: center;\">alfonsina y el mar<\/div>\n<div style=\"text-align: center;\">zamba del chaguanco<\/div>\n<div style=\"text-align: center;\">cancion con todos<\/div>\n<div style=\"text-align: center;\">si se calla el cantor<\/div>\n<div style=\"text-align: center;\">cancion para un ni\u00f1o en la calle<\/div>\n<div style=\"text-align: center;\">la oncena<\/div>\n<div style=\"text-align: center;\">cancion del derrumbe indio<\/div>\n<div style=\"text-align: center;\">zamba para no morir<\/div>\n<div style=\"text-align: center;\">gracias a la vida<\/div>\n<div><\/div>\n<p>*Texto de Samuel Machado Filho<\/p>\n","protected":false},"excerpt":{"rendered":"<p>E eis que o TM oferece hoje a seus amigos cultos, ocultos e associados, dentro de seu ciclo dedicado \u00e0 m\u00fasica folcl\u00f3rica e popular latino-americana, uma compila\u00e7\u00e3o daquela que, sem d\u00favida, foi um dos maiores \u00edcones do g\u00eanero, \u201ca voz &hellip; <a href=\"https:\/\/www.toque-musicall.com\/?p=6114\">Continue lendo <span class=\"meta-nav\">&rarr;<\/span><\/a><\/p>\n","protected":false},"author":1,"featured_media":0,"comment_status":"open","ping_status":"closed","sticky":false,"template":"","format":"standard","meta":{"footnotes":""},"categories":[1353,48],"tags":[],"class_list":["post-6114","post","type-post","status-publish","format-standard","hentry","category-mercedes-sosa","category-selo-philips"],"_links":{"self":[{"href":"https:\/\/www.toque-musicall.com\/index.php?rest_route=\/wp\/v2\/posts\/6114","targetHints":{"allow":["GET"]}}],"collection":[{"href":"https:\/\/www.toque-musicall.com\/index.php?rest_route=\/wp\/v2\/posts"}],"about":[{"href":"https:\/\/www.toque-musicall.com\/index.php?rest_route=\/wp\/v2\/types\/post"}],"author":[{"embeddable":true,"href":"https:\/\/www.toque-musicall.com\/index.php?rest_route=\/wp\/v2\/users\/1"}],"replies":[{"embeddable":true,"href":"https:\/\/www.toque-musicall.com\/index.php?rest_route=%2Fwp%2Fv2%2Fcomments&post=6114"}],"version-history":[{"count":1,"href":"https:\/\/www.toque-musicall.com\/index.php?rest_route=\/wp\/v2\/posts\/6114\/revisions"}],"predecessor-version":[{"id":6115,"href":"https:\/\/www.toque-musicall.com\/index.php?rest_route=\/wp\/v2\/posts\/6114\/revisions\/6115"}],"wp:attachment":[{"href":"https:\/\/www.toque-musicall.com\/index.php?rest_route=%2Fwp%2Fv2%2Fmedia&parent=6114"}],"wp:term":[{"taxonomy":"category","embeddable":true,"href":"https:\/\/www.toque-musicall.com\/index.php?rest_route=%2Fwp%2Fv2%2Fcategories&post=6114"},{"taxonomy":"post_tag","embeddable":true,"href":"https:\/\/www.toque-musicall.com\/index.php?rest_route=%2Fwp%2Fv2%2Ftags&post=6114"}],"curies":[{"name":"wp","href":"https:\/\/api.w.org\/{rel}","templated":true}]}}