{"id":613,"date":"2010-12-04T20:25:00","date_gmt":"2010-12-04T20:25:00","guid":{"rendered":"http:\/\/www.toque-musicall.com\/?p=613"},"modified":"2021-06-26T15:08:17","modified_gmt":"2021-06-26T18:08:17","slug":"dorival-caymmi-varios-1991","status":"publish","type":"post","link":"https:\/\/www.toque-musicall.com\/?p=613","title":{"rendered":"Dorival Caymmi &#8211; V\u00e1rios (1991)"},"content":{"rendered":"<p><a href=\"http:\/\/1.bp.blogspot.com\/_DSKVEvHtskc\/TPqj_JHAqeI\/AAAAAAAAHZE\/Nr3G8EBx35w\/s1600\/dorival+P.JPG\"><img decoding=\"async\" id=\"BLOGGER_PHOTO_ID_5546926196232595938\" style=\"text-align: center; margin: 0px auto 10px; width: 398px; display: block; height: 400px; cursor: hand;\" src=\"http:\/\/1.bp.blogspot.com\/_DSKVEvHtskc\/TPqj_JHAqeI\/AAAAAAAAHZE\/Nr3G8EBx35w\/s400\/dorival+P.JPG\" alt=\"\" border=\"0\" \/><\/a> Ol\u00e1s! Inicialmente eu gostaria de informar aos amigos que, na medida do poss\u00edvel, estou restaurando os &#8216;toques&#8217; que voc\u00eas me apontam como falhos. Nunca deixo de passar mais de uma semana sem corrigir o que me \u00e9 solicitado, por\u00e9m alguma coisa sempre acaba ficando para tr\u00e1s. Quando acontecer, basta comentar e insistir&#8230; minha cabe\u00e7a est\u00e1 a cada dia mais confusa.<br \/>\nHoje iremos de Dorival Caymmi. Ou melhor dizendo, com a m\u00fasica de Dorival Caymmi. Este \u00e9 um disco que n\u00e3o traz outro t\u00edtulo al\u00e9m do nome do grande compositor baiano. Trata-se, por certo, de uma colet\u00e2nea com diversos int\u00e9rpretes da m\u00fasica de Caymmi. O lp tem como data em seu selo o ano de 1991, mas com toda certeza ele foi um relan\u00e7amento. Embora eu n\u00e3o tenha encontrado informa\u00e7\u00f5es a respeito, ao que tudo indica, ele foi lan\u00e7ado na d\u00e9cada de 60. O produtor, Nazareno de Brito, reuniu alguns de seus maiores sucessos gravados por artistas do selo Beverly. Temos assim uma colet\u00e2nea das mais singulares, com grava\u00e7\u00f5es sessentistas raras, que valem a pena serem ouvidas ou relembradas. Confiram&#8230;<\/p>\n<div align=\"center\">nem eu &#8211; agnaldo rayol<\/div>\n<div align=\"center\">marina &#8211; roberto silva<\/div>\n<div align=\"center\">dora &#8211; angela maria<\/div>\n<div align=\"center\">a jangada voltou s\u00f3 &#8211; trio tropical<\/div>\n<div align=\"center\">eu n\u00e3o tenho onde morar &#8211; trio nordestino<\/div>\n<div align=\"center\">peguei um ita no norte &#8211; conjunto de orlando pereira<\/div>\n<div align=\"center\">jo\u00e3o valent\u00e3o &#8211; angela maria<\/div>\n<div align=\"center\">s\u00f3 louco &#8211; almir ribeiro<\/div>\n<div align=\"center\">saudade de itapo\u00e3 &#8211; wilson ferreira<\/div>\n<div align=\"center\">nunca mais &#8211; angela maria<\/div>\n<div align=\"center\">o mar &#8211; edy pollo<\/div>\n<div align=\"center\">maracangalha &#8211; altamiro carrilho<\/div>\n<div align=\"center\"><\/div>\n<div align=\"center\"><\/div>\n<div align=\"center\">.<\/div>\n<div align=\"center\"><\/div>\n","protected":false},"excerpt":{"rendered":"<p>Ol\u00e1s! Inicialmente eu gostaria de informar aos amigos que, na medida do poss\u00edvel, estou restaurando os &#8216;toques&#8217; que voc\u00eas me apontam como falhos. Nunca deixo de passar mais de uma semana sem corrigir o que me \u00e9 solicitado, por\u00e9m alguma &hellip; <a href=\"https:\/\/www.toque-musicall.com\/?p=613\">Continue lendo <span class=\"meta-nav\">&rarr;<\/span><\/a><\/p>\n","protected":false},"author":1,"featured_media":0,"comment_status":"open","ping_status":"closed","sticky":false,"template":"","format":"standard","meta":{"footnotes":""},"categories":[732,907,213,199,906,227,905,262,55,909,908,910],"tags":[3824,3111],"class_list":["post-613","post","type-post","status-publish","format-standard","hentry","category-agnaldo-rayol","category-almir-ribeiro","category-altamiro-carrilho","category-angela-maria","category-conjunto-de-orlando-pereira","category-dorival-caymmi","category-edy-pollo","category-roberto-silva","category-selo-beverly","category-trio-nordestino","category-trio-tropical","category-wilson-ferreira","tag-dorival-caymmi","tag-selo-beverly"],"_links":{"self":[{"href":"https:\/\/www.toque-musicall.com\/index.php?rest_route=\/wp\/v2\/posts\/613","targetHints":{"allow":["GET"]}}],"collection":[{"href":"https:\/\/www.toque-musicall.com\/index.php?rest_route=\/wp\/v2\/posts"}],"about":[{"href":"https:\/\/www.toque-musicall.com\/index.php?rest_route=\/wp\/v2\/types\/post"}],"author":[{"embeddable":true,"href":"https:\/\/www.toque-musicall.com\/index.php?rest_route=\/wp\/v2\/users\/1"}],"replies":[{"embeddable":true,"href":"https:\/\/www.toque-musicall.com\/index.php?rest_route=%2Fwp%2Fv2%2Fcomments&post=613"}],"version-history":[{"count":2,"href":"https:\/\/www.toque-musicall.com\/index.php?rest_route=\/wp\/v2\/posts\/613\/revisions"}],"predecessor-version":[{"id":8577,"href":"https:\/\/www.toque-musicall.com\/index.php?rest_route=\/wp\/v2\/posts\/613\/revisions\/8577"}],"wp:attachment":[{"href":"https:\/\/www.toque-musicall.com\/index.php?rest_route=%2Fwp%2Fv2%2Fmedia&parent=613"}],"wp:term":[{"taxonomy":"category","embeddable":true,"href":"https:\/\/www.toque-musicall.com\/index.php?rest_route=%2Fwp%2Fv2%2Fcategories&post=613"},{"taxonomy":"post_tag","embeddable":true,"href":"https:\/\/www.toque-musicall.com\/index.php?rest_route=%2Fwp%2Fv2%2Ftags&post=613"}],"curies":[{"name":"wp","href":"https:\/\/api.w.org\/{rel}","templated":true}]}}