{"id":614,"date":"2010-12-03T08:51:00","date_gmt":"2010-12-03T08:51:00","guid":{"rendered":"http:\/\/www.toque-musicall.com\/?p=614"},"modified":"2010-12-03T08:51:00","modified_gmt":"2010-12-03T08:51:00","slug":"a-musica-de-joao-bosco-1997","status":"publish","type":"post","link":"https:\/\/www.toque-musicall.com\/?p=614","title":{"rendered":"A M\u00fasica De Jo\u00e3o Bosco (1997)"},"content":{"rendered":"<p><a href=\"http:\/\/1.bp.blogspot.com\/_DSKVEvHtskc\/TPi30rOwwbI\/AAAAAAAAHY4\/k4Jht7VMHF4\/s1600\/jo%25C3%25A3o+bosco+P.JPG\"><img decoding=\"async\" style=\"TEXT-ALIGN: center; MARGIN: 0px auto 10px; WIDTH: 400px; DISPLAY: block; HEIGHT: 399px; CURSOR: hand\" id=\"BLOGGER_PHOTO_ID_5546385056692486578\" border=\"0\" alt=\"\" src=\"http:\/\/1.bp.blogspot.com\/_DSKVEvHtskc\/TPi30rOwwbI\/AAAAAAAAHY4\/k4Jht7VMHF4\/s400\/jo%25C3%25A3o+bosco+P.JPG\" \/><\/a>Bom dia, amigos cultos e ocultos! Entre altos e baixos l\u00e1 vou eu nas oscila\u00e7\u00f5es de alegria e tristeza. Um dia desses, em visita a minha tia l\u00e1 no hospital, li num cartaz que o melhor rem\u00e9dio para o Esp\u00edrito \u00e9 a m\u00fasica. Deve ser mesmo, pois sem ela eu acho que j\u00e1 teria desabado. Sem a m\u00fasica para ouvir, sem a m\u00fasica para cantar, sem a m\u00fasica para me acalmar ou resignar, acho que a depress\u00e3o j\u00e1 teria tomado totalmente conta de mim. Bendita seja a m\u00fasica. Bendita seja essa emo\u00e7\u00e3o restauradora!<br \/>Hoje \u00e9 sexta feira, dia do artista\/disco independente. Como sempre, tenho procurado postar aqui aqueles discos, grava\u00e7\u00f5es e cds que nasceram sem apoio de grandes gravadoras, feitos fora do padr\u00e3o fonogr\u00e1fico comercial. Trago desta vez um trabalho muito interessante produzido por um artista amigo meu, o Aum Soham. Trata-se do &#8220;Projeto CD &#8211; A M\u00fasica de Jo\u00e3o Bosco&#8221;.<br \/>Lan\u00e7ado em maio de 1997 em uma concorrid\u00edssima festa-show na antiga casa de shows \u201cTrash\u201d (o velho Cine Santa Tereza) em Belo Horizonte, o cd \u201cA M\u00fasica de Jo\u00e3o Bosco\u201d apresentou 15 composi\u00e7\u00f5es selecionadas da obra de Bosco em arranjos e interpreta\u00e7\u00f5es totalmente in\u00e9ditos. O disco reuniu 14 int\u00e9rpretes e um grupo vocal atuantes na cidade, que dividiram a tarefa de recriar o repert\u00f3rio de um dos nossos mais requintados compositores.<br \/>\u201cA M\u00fasica de Jo\u00e3o Bosco\u201d foi o produto desse trabalho, chamado \u201cProjeto CD\u201d, uma iniciativa independente do artista e produtor mineiro Aum Soham, que teve a ideia de produzir e lan\u00e7ar novos artistas no mercado. Com arranjos de Luiz Cl\u00e1udio Henriques, o disco teve a peculiaridade de ter sido inteiramente gravado em computador via teclados, com um resultado surpreendente. Para os int\u00e9rpretes que participaram da colet\u00e2nea, esta foi a primeira chance de uma grava\u00e7\u00e3o profissional. Para o p\u00fablico foi a possibilidade de ouvir algo novo, diferente. No projeto, cada int\u00e9rprete pesquisou e escolheu a m\u00fasica que iria cantar. Os arranjos mantiveram  preservadas as caracter\u00edsticas de estilo de cada um. Para a reuni\u00e3o de tantos int\u00e9rpretes diferentes num mesmo disco, era necess\u00e1rio um autor que possu\u00edsse uma obra ecl\u00e9tica e extensa. Nesse sentido, a escolha de Jo\u00e3o Bosco foi perfeita, pois se trata de um dos nossos compositores de maiores recursos,  cujas composi\u00e7\u00f5es s\u00e3o totalmente distintas entre si. Se para todos os envolvidos na produ\u00e7\u00e3o do cd foi um desafio trabalhar um autor t\u00e3o complexo, pode-se dizer que a ousadia valeu, pois o esfor\u00e7o resultou numa interessante releitura sonora em que se manteve preservada a ess\u00eancia e a diversidade r\u00edtmica\/timbr\u00edstica da m\u00fasica de Jo\u00e3o Bosco. Acredito que os amigos que ainda n\u00e3o conhecem o trabalho, ir\u00e3o gostar. Confiram&#8230; \ud83d\ude09<\/p>\n<div align=\"center\">pret-a-porter de tafet\u00e1 &#8211; ubiraney<\/div>\n<div align=\"center\">ca\u00e7a \u00e0 raposa &#8211; gaziela cruz<\/div>\n<div align=\"center\">quando o amor acontece &#8211; grupo musical echus<\/div>\n<div align=\"center\">tiro de miseric\u00f3rdia &#8211; thelmo lins<\/div>\n<div align=\"center\">as minas de mar &#8211; katia rabelo<\/div>\n<div align=\"center\">mem\u00f3ria da pele &#8211; regina milagres<\/div>\n<div align=\"center\">jade &#8211; gisele andrade<\/div>\n<div align=\"center\">o b\u00eabado e o equilibrista &#8211; marcio morani<\/div>\n<div align=\"center\">terra dourada &#8211; angela ferolla<\/div>\n<div align=\"center\">trem bala &#8211; tereza costha<\/div>\n<div align=\"center\">desenho de giz &#8211; silvana diniz<\/div>\n<div align=\"center\">coisa feita &#8211; th\u00ea andrade<\/div>\n<div align=\"center\">o cavaleiro e os moinhos &#8211; nicolau santiago<\/div>\n<div align=\"center\">cors\u00e1rio &#8211; wagner cosse<\/div>\n<div align=\"center\">o mestre sala dos mares &#8211; toninho marra<\/div>\n<div align=\"center\"> <\/div>\n<div align=\"center\"> <\/div>\n","protected":false},"excerpt":{"rendered":"<p>Bom dia, amigos cultos e ocultos! Entre altos e baixos l\u00e1 vou eu nas oscila\u00e7\u00f5es de alegria e tristeza. Um dia desses, em visita a minha tia l\u00e1 no hospital, li num cartaz que o melhor rem\u00e9dio para o Esp\u00edrito &hellip; <a href=\"https:\/\/www.toque-musicall.com\/?p=614\">Continue lendo <span class=\"meta-nav\">&rarr;<\/span><\/a><\/p>\n","protected":false},"author":1,"featured_media":0,"comment_status":"open","ping_status":"closed","sticky":false,"template":"","format":"standard","meta":{"footnotes":""},"categories":[911],"tags":[],"class_list":["post-614","post","type-post","status-publish","format-standard","hentry","category-a-musica-de-joao-bosco"],"_links":{"self":[{"href":"https:\/\/www.toque-musicall.com\/index.php?rest_route=\/wp\/v2\/posts\/614","targetHints":{"allow":["GET"]}}],"collection":[{"href":"https:\/\/www.toque-musicall.com\/index.php?rest_route=\/wp\/v2\/posts"}],"about":[{"href":"https:\/\/www.toque-musicall.com\/index.php?rest_route=\/wp\/v2\/types\/post"}],"author":[{"embeddable":true,"href":"https:\/\/www.toque-musicall.com\/index.php?rest_route=\/wp\/v2\/users\/1"}],"replies":[{"embeddable":true,"href":"https:\/\/www.toque-musicall.com\/index.php?rest_route=%2Fwp%2Fv2%2Fcomments&post=614"}],"version-history":[{"count":0,"href":"https:\/\/www.toque-musicall.com\/index.php?rest_route=\/wp\/v2\/posts\/614\/revisions"}],"wp:attachment":[{"href":"https:\/\/www.toque-musicall.com\/index.php?rest_route=%2Fwp%2Fv2%2Fmedia&parent=614"}],"wp:term":[{"taxonomy":"category","embeddable":true,"href":"https:\/\/www.toque-musicall.com\/index.php?rest_route=%2Fwp%2Fv2%2Fcategories&post=614"},{"taxonomy":"post_tag","embeddable":true,"href":"https:\/\/www.toque-musicall.com\/index.php?rest_route=%2Fwp%2Fv2%2Ftags&post=614"}],"curies":[{"name":"wp","href":"https:\/\/api.w.org\/{rel}","templated":true}]}}