{"id":617,"date":"2010-11-30T09:25:00","date_gmt":"2010-11-30T09:25:00","guid":{"rendered":"http:\/\/www.toque-musicall.com\/?p=617"},"modified":"2010-11-30T09:25:00","modified_gmt":"2010-11-30T09:25:00","slug":"a-musica-de-fogaca-1982","status":"publish","type":"post","link":"https:\/\/www.toque-musicall.com\/?p=617","title":{"rendered":"A M\u00fasica De Foga\u00e7a (1982)"},"content":{"rendered":"<p><a href=\"http:\/\/4.bp.blogspot.com\/_DSKVEvHtskc\/TPTDULYBhMI\/AAAAAAAAHYM\/wUGfHSaUMgs\/s1600\/foga%25C3%25A7a+P.JPG\"><img decoding=\"async\" style=\"TEXT-ALIGN: center; MARGIN: 0px auto 10px; WIDTH: 396px; DISPLAY: block; HEIGHT: 400px; CURSOR: hand\" id=\"BLOGGER_PHOTO_ID_5545271792618276034\" border=\"0\" alt=\"\" src=\"http:\/\/4.bp.blogspot.com\/_DSKVEvHtskc\/TPTDULYBhMI\/AAAAAAAAHYM\/wUGfHSaUMgs\/s400\/foga%25C3%25A7a+P.JPG\" \/><\/a> Bom dia! \u00c9 curioso como algumas coisas passam despercebidas por n\u00f3s. At\u00e9 ontem eu n\u00e3o fazia ideia de que o pol\u00edtico, Sr. Jos\u00e9 Foga\u00e7a, ex prefeito de Porto Alegre em dois mandatos e candidato derrotado na \u00faltima elei\u00e7\u00e3o para o governo de seu Estado, fosse o mesmo Foga\u00e7a, compositor de m\u00e3o cheia, que um dia eu conheci atrav\u00e9s dos discos da dupla ga\u00facha Kleiton &#038; Kledir. Vejam s\u00f3 voc\u00eas&#8230; Nunca liguei uma coisa com outra, mas considerando e comparando os dois extremos, acho que ele teria tido menos dissabores se tivesse levado adiante sua carreira de compositor. T\u00f4 falando assim, mas confesso, n\u00e3o conhe\u00e7o muito o pol\u00edtico e sua atua\u00e7\u00e3o. Ali\u00e1s, eu de pol\u00edtica sou um zero (que colocado do lado certo posso valer alguma coisa). Mas, pelo pouco que eu li, Foga\u00e7a sempre gostou de pol\u00edtica, desde os tempos em que era l\u00edder estudantil. Teve tamb\u00e9m sua cota de participa\u00e7\u00e3o na \u00e9poca das &#8216;Diretas J\u00e1&#8217; ao lado de Ulisses Guimar\u00e3es e Tancredo Neves. Sendo um dos articuladores no sul.<br \/>Temos aqui, o que eu acredito ser seu \u00fanico disco. Ou melhor dizendo, um disco com as suas composi\u00e7\u00f5es. Este \u00e1lbum foi produzido por Kleiton Ramil e lan\u00e7ado em 1982 pela Deck Produ\u00e7\u00f5es atrav\u00e9s do selo Polyfar (Polygram). Nele temos reunidas doze m\u00fasicas gravadas por diferentes e consagrados artistas nacionais, como voc\u00eas mesmo poder\u00e3o constatar logo abaixo&#8230;<\/p>\n<div align=\"center\">ei de voltar para o sul &#8211; nara le\u00e3o<\/div>\n<div align=\"center\">piquete do caveira &#8211; alm\u00f4ndegas<\/div>\n<div align=\"center\">sexto sentido &#8211; faf\u00e1 de bel\u00e9m<\/div>\n<div align=\"center\">novas mar\u00e9s &#8211; fernando ribeiro<\/div>\n<div align=\"center\">lagoa dos patos &#8211; kleiton &#038; kedir e mpb-4<\/div>\n<div align=\"center\">vento negro &#8211; alm\u00f4ndegas<\/div>\n<div align=\"center\">uni duni t\u00ea &#8211; kleiton &#038; kledir e mpb-4<\/div>\n<div align=\"center\">filha mulher &#8211; olivia hime<\/div>\n<div align=\"center\">vira\u00e7\u00e3o 0 mpb-4<\/div>\n<div align=\"center\">h\u00e1 um pouco do meu cora\u00e7\u00e3o em portugal &#8211; alm\u00f4ndegas<\/div>\n<div align=\"center\">vinho amargo &#8211; quarteto em cy<\/div>\n<div align=\"center\">semeadura &#8211; kleiton &#038; kledir e foga\u00e7a<\/div>\n<div align=\"center\"> <\/div>\n<div align=\"center\"> <\/div>\n","protected":false},"excerpt":{"rendered":"<p>Bom dia! \u00c9 curioso como algumas coisas passam despercebidas por n\u00f3s. At\u00e9 ontem eu n\u00e3o fazia ideia de que o pol\u00edtico, Sr. Jos\u00e9 Foga\u00e7a, ex prefeito de Porto Alegre em dois mandatos e candidato derrotado na \u00faltima elei\u00e7\u00e3o para o &hellip; <a href=\"https:\/\/www.toque-musicall.com\/?p=617\">Continue lendo <span class=\"meta-nav\">&rarr;<\/span><\/a><\/p>\n","protected":false},"author":1,"featured_media":0,"comment_status":"open","ping_status":"closed","sticky":false,"template":"","format":"standard","meta":{"footnotes":""},"categories":[916,915,913,914,51,288,917,50],"tags":[],"class_list":["post-617","post","type-post","status-publish","format-standard","hentry","category-almondegas","category-fafa-de-belem","category-fogaca","category-kleiton-e-kledir","category-mpb-4","category-nara-leao","category-olivia-hime","category-quarteto-em-cy"],"_links":{"self":[{"href":"https:\/\/www.toque-musicall.com\/index.php?rest_route=\/wp\/v2\/posts\/617","targetHints":{"allow":["GET"]}}],"collection":[{"href":"https:\/\/www.toque-musicall.com\/index.php?rest_route=\/wp\/v2\/posts"}],"about":[{"href":"https:\/\/www.toque-musicall.com\/index.php?rest_route=\/wp\/v2\/types\/post"}],"author":[{"embeddable":true,"href":"https:\/\/www.toque-musicall.com\/index.php?rest_route=\/wp\/v2\/users\/1"}],"replies":[{"embeddable":true,"href":"https:\/\/www.toque-musicall.com\/index.php?rest_route=%2Fwp%2Fv2%2Fcomments&post=617"}],"version-history":[{"count":0,"href":"https:\/\/www.toque-musicall.com\/index.php?rest_route=\/wp\/v2\/posts\/617\/revisions"}],"wp:attachment":[{"href":"https:\/\/www.toque-musicall.com\/index.php?rest_route=%2Fwp%2Fv2%2Fmedia&parent=617"}],"wp:term":[{"taxonomy":"category","embeddable":true,"href":"https:\/\/www.toque-musicall.com\/index.php?rest_route=%2Fwp%2Fv2%2Fcategories&post=617"},{"taxonomy":"post_tag","embeddable":true,"href":"https:\/\/www.toque-musicall.com\/index.php?rest_route=%2Fwp%2Fv2%2Ftags&post=617"}],"curies":[{"name":"wp","href":"https:\/\/api.w.org\/{rel}","templated":true}]}}