{"id":62,"date":"2012-05-16T23:13:00","date_gmt":"2012-05-16T23:13:00","guid":{"rendered":"http:\/\/www.toque-musicall.com\/?p=62"},"modified":"2012-05-16T23:13:00","modified_gmt":"2012-05-16T23:13:00","slug":"orlando-silva-serenata-1957","status":"publish","type":"post","link":"https:\/\/www.toque-musicall.com\/?p=62","title":{"rendered":"Orlando Silva &#8211; Serenata (1957)"},"content":{"rendered":"<div style=\"clear: both; text-align: center;\"><a href=\"http:\/\/3.bp.blogspot.com\/-4MU5kpik5vI\/T7QrU1MoycI\/AAAAAAAACLs\/k-yvQaKwXIU\/s1600\/capa.JPG\" style=\"margin-left: 1em; margin-right: 1em;\"><img loading=\"lazy\" decoding=\"async\" border=\"0\" height=\"400\" src=\"http:\/\/3.bp.blogspot.com\/-4MU5kpik5vI\/T7QrU1MoycI\/AAAAAAAACLs\/k-yvQaKwXIU\/s400\/capa.JPG\" width=\"391\" \/><\/a><\/div>\n<div style=\"clear: both; text-align: center;\"><a href=\"http:\/\/3.bp.blogspot.com\/-Oj4OvZtxI6k\/T7QrQTOQuSI\/AAAAAAAACLk\/ZcnYyQNU9z4\/s1600\/contracapa+Bp.JPG\" style=\"margin-left: 1em; margin-right: 1em;\"><img loading=\"lazy\" decoding=\"async\" border=\"0\" height=\"397\" src=\"http:\/\/3.bp.blogspot.com\/-Oj4OvZtxI6k\/T7QrQTOQuSI\/AAAAAAAACLk\/ZcnYyQNU9z4\/s400\/contracapa+Bp.JPG\" width=\"400\" \/><\/a><\/div>\n<p>Boa noite, amigos cultos, ocultos e associados! Aqui estamos j\u00e1 numa quarta feira. Como a semana passou de pressa! Acho que tenho andado no autom\u00e1tico, s\u00f3 pode&#8230; Eu havia preparado uma outra postagem para o dia de hoje, mas acabei esquecendo o &#8216;pendrive&#8217; espetado no outro computador. Da\u00ed fui obrigado a puxar um outro dos meus sempre prontos, &#8216;discos de gaveta&#8217;. No final estou achando que a emenda ficou melhor que o soneto. Ouvindo aqui agora o Orlando Silva, acho que esta foi mesmo a melhor pedida.<br \/>Temos aqui &#8216;o cantor das multid\u00f5es&#8217; neste belo \u00e1lbum lan\u00e7ado pela Odeon em 1957. Trata-se de um disco onde a gravadora e o cantor procuram prestar uma homenagem ao compositor carioca Freire Junior, um ano ap\u00f3s a sua morte. Freire Junior \u00e9 o autor de m\u00fasicas como &#8220;Malandrinha&#8221;, &#8220;Luar de Paquet\u00e1&#8221; e &#8220;Olhos Japoneses&#8221;. Francisco Jos\u00e9 Freire Junior era tamb\u00e9m um pianista, sendo considerado um dos mais importantes autores do teatro de revistas.<br \/>&#8220;Serenata&#8221; \u00e9 verdadeiramente um \u00e1lbum muito bonito. N\u00e3o bastasse um grande cantor, o que me chama tamb\u00e9m muita aten\u00e7\u00e3o s\u00e3o os arranjos&#8230; uma maravilha. Gostaria de saber de quem s\u00e3o&#8230; Confiram comigo&#8230;<\/p>\n<div style=\"text-align: center;\">olhos japoneses<\/div>\n<div style=\"text-align: center;\">malandrinha<\/div>\n<div style=\"text-align: center;\">revendo o passado<\/div>\n<div style=\"text-align: center;\">a beira mar<\/div>\n<div style=\"text-align: center;\">luar de paquet\u00e1<\/div>\n<div style=\"text-align: center;\">santa<\/div>\n<div style=\"text-align: center;\">p\u00e1lida morena<\/div>\n<div style=\"text-align: center;\">deusa<\/div>\n","protected":false},"excerpt":{"rendered":"<p>Boa noite, amigos cultos, ocultos e associados! Aqui estamos j\u00e1 numa quarta feira. Como a semana passou de pressa! Acho que tenho andado no autom\u00e1tico, s\u00f3 pode&#8230; Eu havia preparado uma outra postagem para o dia de hoje, mas acabei &hellip; <a href=\"https:\/\/www.toque-musicall.com\/?p=62\">Continue lendo <span class=\"meta-nav\">&rarr;<\/span><\/a><\/p>\n","protected":false},"author":1,"featured_media":0,"comment_status":"open","ping_status":"closed","sticky":false,"template":"","format":"standard","meta":{"footnotes":""},"categories":[87,85,86],"tags":[],"class_list":["post-62","post","type-post","status-publish","format-standard","hentry","category-freire-junior","category-orlando-silva","category-selo-odeon"],"_links":{"self":[{"href":"https:\/\/www.toque-musicall.com\/index.php?rest_route=\/wp\/v2\/posts\/62","targetHints":{"allow":["GET"]}}],"collection":[{"href":"https:\/\/www.toque-musicall.com\/index.php?rest_route=\/wp\/v2\/posts"}],"about":[{"href":"https:\/\/www.toque-musicall.com\/index.php?rest_route=\/wp\/v2\/types\/post"}],"author":[{"embeddable":true,"href":"https:\/\/www.toque-musicall.com\/index.php?rest_route=\/wp\/v2\/users\/1"}],"replies":[{"embeddable":true,"href":"https:\/\/www.toque-musicall.com\/index.php?rest_route=%2Fwp%2Fv2%2Fcomments&post=62"}],"version-history":[{"count":0,"href":"https:\/\/www.toque-musicall.com\/index.php?rest_route=\/wp\/v2\/posts\/62\/revisions"}],"wp:attachment":[{"href":"https:\/\/www.toque-musicall.com\/index.php?rest_route=%2Fwp%2Fv2%2Fmedia&parent=62"}],"wp:term":[{"taxonomy":"category","embeddable":true,"href":"https:\/\/www.toque-musicall.com\/index.php?rest_route=%2Fwp%2Fv2%2Fcategories&post=62"},{"taxonomy":"post_tag","embeddable":true,"href":"https:\/\/www.toque-musicall.com\/index.php?rest_route=%2Fwp%2Fv2%2Ftags&post=62"}],"curies":[{"name":"wp","href":"https:\/\/api.w.org\/{rel}","templated":true}]}}