{"id":620,"date":"2010-11-29T00:38:00","date_gmt":"2010-11-29T00:38:00","guid":{"rendered":"http:\/\/www.toque-musicall.com\/?p=620"},"modified":"2010-11-29T00:38:00","modified_gmt":"2010-11-29T00:38:00","slug":"o-melhor-da-mpb-1976","status":"publish","type":"post","link":"https:\/\/www.toque-musicall.com\/?p=620","title":{"rendered":"O Melhor Da MPB (1976)"},"content":{"rendered":"<p><a href=\"http:\/\/3.bp.blogspot.com\/_DSKVEvHtskc\/TPL9ZUgBvXI\/AAAAAAAAHXo\/yfCEcSNW2Y8\/s1600\/o+melhor+da+mpb+P.JPG\"><img decoding=\"async\" style=\"TEXT-ALIGN: center; MARGIN: 0px auto 10px; WIDTH: 399px; DISPLAY: block; HEIGHT: 400px; CURSOR: hand\" id=\"BLOGGER_PHOTO_ID_5544772702688099698\" border=\"0\" alt=\"\" src=\"http:\/\/3.bp.blogspot.com\/_DSKVEvHtskc\/TPL9ZUgBvXI\/AAAAAAAAHXo\/yfCEcSNW2Y8\/s400\/o+melhor+da+mpb+P.JPG\" \/><\/a> Ol\u00e1 amigos cultos e ocultos. O domingo foi meio tumultuado, mas ainda assim cheguei a tempo de &#8216;bater o ponto&#8217;. Para compensar o atraso, estou trazendo aqui um \u00e1lbum d\u00faplo da gravadora Continental, lan\u00e7ado em 1976, com o melhor da MPB. Quer dizer, o melhor da m\u00fasica brasileira na gravadora. S\u00e3o vinte e oito m\u00fasicas extra\u00eddas de seus diversos lps, numa sele\u00e7\u00e3o que procura reunir diferentes fases e artistas que passaram pelo selo. O interessante deste \u00e1lbum na \u00e9poca de seu lan\u00e7amento foi que ele trazia faixas de discos raros, j\u00e1 desde esse tempo fora de cat\u00e1logo. H\u00e1 inclusive faixas que n\u00e3o foram lan\u00e7adas comercialmente, creio eu.<br \/>Desculpem, mas estou morrendo de sono. Fico por aqui e voc\u00eas com O Melhor da MPB, ok?<\/p>\n<div align=\"center\">serenata &#8211; silvio caldas<\/div>\n<div align=\"center\">can\u00e7\u00e3o da volta &#8211; elizeth cardoso<\/div>\n<div align=\"center\">chove l\u00e1 fora &#8211; tito madi<\/div>\n<div align=\"center\">da cor do pecado &#8211; franco<br \/>mensagem &#8211; isaura garcia<\/div>\n<div align=\"center\">n\u00e3o tem solu\u00e7\u00e3o &#8211; carlos jos\u00e9<\/div>\n<div align=\"center\">molambo &#8211; silvia maria<\/div>\n<div align=\"center\">nhem nhem nhem &#8211; martinho da vila<\/div>\n<div align=\"center\">pedro pedreiro &#8211; elizabeth<\/div>\n<div align=\"center\">nada de novo &#8211; cyro monteiro<\/div>\n<div align=\"center\">marcha da quarta feira de cinzas &#8211; os 3 morais<\/div>\n<div align=\"center\">simplesmente (o bem verdadeiro) &#8211; paulinho nogueira<\/div>\n<div align=\"center\">ladeira da pra\u00e7a &#8211; novos baianos<\/div>\n<div align=\"center\">e bateu-se&#8230; a chapa &#8211; silvia maria<\/div>\n<div align=\"center\">matriz ou filial &#8211; jamel\u00e3o<\/div>\n<div align=\"center\">camisa amarela &#8211; celia<\/div>\n<div align=\"center\">na subida do morro &#8211; moreira da silva<\/div>\n<div align=\"center\">asa branca &#8211; geraldo vandr\u00e9<\/div>\n<div align=\"center\">dor de cotovelo &#8211; elis regina<\/div>\n<div align=\"center\">estrada do sol &#8211; agostinho dos santos<\/div>\n<div align=\"center\">por causa de voc\u00ea menina &#8211; z\u00e9 maria e seu org\u00e3o (jorge ben)<\/div>\n<div align=\"center\">se o caso \u00e9 chorar &#8211; tom z\u00e9<\/div>\n<div align=\"center\">adeus batucada &#8211; celia<\/div>\n<div align=\"center\">mais que nada &#8211; z\u00e9 maria e seu org\u00e3o (jorge ben)<\/div>\n<div align=\"center\">castigo &#8211; jamel\u00e3o<\/div>\n<div align=\"center\">sonho de um carnaval &#8211; geraldo vandr\u00e9<\/div>\n<div align=\"center\">o amor est\u00e1 no ar &#8211; agostinho dos santos<\/div>\n<div align=\"center\">paraquedista &#8211; carlinhos vergueiro<\/div>\n<p><\/p>\n<div align=\"center\"><\/div>\n<div align=\"center\"> <\/div>\n","protected":false},"excerpt":{"rendered":"<p>Ol\u00e1 amigos cultos e ocultos. O domingo foi meio tumultuado, mas ainda assim cheguei a tempo de &#8216;bater o ponto&#8217;. Para compensar o atraso, estou trazendo aqui um \u00e1lbum d\u00faplo da gravadora Continental, lan\u00e7ado em 1976, com o melhor da &hellip; <a href=\"https:\/\/www.toque-musicall.com\/?p=620\">Continue lendo <span class=\"meta-nav\">&rarr;<\/span><\/a><\/p>\n","protected":false},"author":1,"featured_media":0,"comment_status":"open","ping_status":"closed","sticky":false,"template":"","format":"standard","meta":{"footnotes":""},"categories":[919],"tags":[],"class_list":["post-620","post","type-post","status-publish","format-standard","hentry","category-o-melhor-da-mpb"],"_links":{"self":[{"href":"https:\/\/www.toque-musicall.com\/index.php?rest_route=\/wp\/v2\/posts\/620","targetHints":{"allow":["GET"]}}],"collection":[{"href":"https:\/\/www.toque-musicall.com\/index.php?rest_route=\/wp\/v2\/posts"}],"about":[{"href":"https:\/\/www.toque-musicall.com\/index.php?rest_route=\/wp\/v2\/types\/post"}],"author":[{"embeddable":true,"href":"https:\/\/www.toque-musicall.com\/index.php?rest_route=\/wp\/v2\/users\/1"}],"replies":[{"embeddable":true,"href":"https:\/\/www.toque-musicall.com\/index.php?rest_route=%2Fwp%2Fv2%2Fcomments&post=620"}],"version-history":[{"count":0,"href":"https:\/\/www.toque-musicall.com\/index.php?rest_route=\/wp\/v2\/posts\/620\/revisions"}],"wp:attachment":[{"href":"https:\/\/www.toque-musicall.com\/index.php?rest_route=%2Fwp%2Fv2%2Fmedia&parent=620"}],"wp:term":[{"taxonomy":"category","embeddable":true,"href":"https:\/\/www.toque-musicall.com\/index.php?rest_route=%2Fwp%2Fv2%2Fcategories&post=620"},{"taxonomy":"post_tag","embeddable":true,"href":"https:\/\/www.toque-musicall.com\/index.php?rest_route=%2Fwp%2Fv2%2Ftags&post=620"}],"curies":[{"name":"wp","href":"https:\/\/api.w.org\/{rel}","templated":true}]}}