{"id":6210,"date":"2017-09-09T08:52:54","date_gmt":"2017-09-09T11:52:54","guid":{"rendered":"http:\/\/www.toque-musicall.com\/?p=6210"},"modified":"2017-09-10T09:10:59","modified_gmt":"2017-09-10T12:10:59","slug":"ruben-blades-ruben-1979","status":"publish","type":"post","link":"https:\/\/www.toque-musicall.com\/?p=6210","title":{"rendered":"Ruben Blades &#8211; Ruben (1979)"},"content":{"rendered":"<p><img loading=\"lazy\" decoding=\"async\" class=\"alignnone size-large\" src=\"https:\/\/3.bp.blogspot.com\/-6DeRwCnkQ5o\/WbUiooseymI\/AAAAAAAAOaQ\/ziA4ar2vl9gsmh0-S9WXokBIMuqi8syCwCLcBGAs\/s640\/capap.JPG\" width=\"627\" height=\"640\" \/><img loading=\"lazy\" decoding=\"async\" class=\"aligncenter size-large\" src=\"https:\/\/4.bp.blogspot.com\/-9wTeUG0PtgY\/WbUinu7cKzI\/AAAAAAAAOaM\/bMsVxip7HnEJlJgWRiPTpKhszt7B8_L6ACLcBGAs\/s640\/contrap.JPG\" width=\"632\" height=\"640\" \/><\/p>\n<div class=\"separator\">Cantor, compositor, ator, m\u00fasico, advogado, pol\u00edtico. Este \u00e9 o perfil de Ruben Blades, um dos maiores expoentes da m\u00fasica popular caribenha, conhecido como \u201co poeta da salsa\u201d, que o TM p\u00f5e em foco no dia de hoje. Com o nome completo de Ruben Blades Bellido de Lima, ele veio ao mundo na Cidade do Panam\u00e1, no bairro de San Felipe, em 16 de julho de 1948. Teve a sorte de nascer no seio de uma fam\u00edlia onde a arte sempre ocupou um lugar privilegiado: o pai, colombiano, era percussionista, e a m\u00e3e, cubana, era pianista e cantora de boleros. Em 1974, aos 26 anos, graduou-se em Direito na Faculdade de Direito e Ci\u00eancias Pol\u00edticas da Universidade do Panam\u00e1, completando seus estudos profissionais em 1985, na Harvard Law School. Blades desenvolveu a maior parte de sua carreira musical nos EUA. Sua inicia\u00e7\u00e3o na m\u00fasica deu-se na Alegre Records e na afamada Fania Records, de Nova York, j\u00e1 mostrando talento como cantor. Realizou pequenas participa\u00e7\u00f5es nas bandas de Pete Rodriguez , Richard Ray, Bobby Cruz e Ray Barreto. Participou, em 1969, da grava\u00e7\u00e3o do \u00e1lbum \u201cDe Panam\u00e1 a Nueva York\u201d, com Pete Rodriguez, que, curiosamente, Blades n\u00e3o inclui em sua discografia. Mas foi sua parceria com o trombonista nova-iorquino Willie Col\u00f3n que o celebrizou de vez, em 1977, com o \u00e1lbum \u201cMetiendo mano!\u201d, que se tornou um cl\u00e1ssico da salsa (ambos depois gravariam juntos mais sete discos). Um ano mais tarde, eles lan\u00e7aram \u201cSiembra\u201d, outro cl\u00e1ssico salseiro, o \u00e1lbum mais vendido da hist\u00f3ria da Fania Records. At\u00e9 hoje, Ruben Blades gravou mais de vinte \u00e1lbuns, e participou de mais de quinze grava\u00e7\u00f5es\u00a0 com artistas dos mais variados g\u00eaneros e tend\u00eancias musicais. Em reconhecimento a seus trabalhos, j\u00e1 recebeu seis pr\u00eamios Grammy, e, no cinema,\u00a0 participou como ator em v\u00e1rios filmes norte-americanos, entre eles \u201cSitua\u00e7\u00e3o cr\u00edtica, por\u00e9m jeitosa\u201d (1987), \u201cRebeli\u00e3o em Milagro\u201d (1988), \u201cHomeboy \u2013 Chance de vencer\u201d (idem ao anterior), \u201cA chave do enigma\u201d (1990), \u201cInimigo \u00edntimo\u201d (1997) e \u201cEra uma vez no M\u00e9xico\u201d (2003).\u00a0 Ruben Blades \u00e9 tamb\u00e9m conhecido como um duro cr\u00edtico dos regimes ditatoriais da Am\u00e9rica Latina, uma vez que sempre faz refer\u00eancia aos mesmos nas letras de suas can\u00e7\u00f5es. Criticou tamb\u00e9m o imperialismo norte-americano, na m\u00fasica \u201cTibur\u00f3n\u201d. Em 1994, candidatou-se a presidente da Rep\u00fablica de seu Panam\u00e1 natal, obtendo o terceiro lugar, com 20% dos votos, dentre mais de uma dezena de candidatos. Em 2004, Blades apoiou a candidatura presidencial de Martin Torrijos (filho de Omar Torrijos) e, mais uma vez, este acabou vencendo as elei\u00e7\u00f5es. Blades aceitou e exerceu o posto de ministro do turismo nesse governo, e ficou no cargo at\u00e9 2009. Nessa ocasi\u00e3o, iniciou uma fase mais interativa, apresentando um programa de r\u00e1dio em formato \u201cpodcast\u201d, no qual faz coment\u00e1rios sobre novas bandas, responde a perguntas de internautas e se mostra como \u00e9, sincero e claro com seus pensamentos. De Ruben Blades, o TM apresenta hoje para seus amigos cultos e ocultos o \u00e1lbum \u201cBohemio y poeta\u201d, tamb\u00e9m conhecido como \u201dRuben\u201d. Lan\u00e7ado pela Fania Records em 1979 e certamente in\u00e9dito no Brasil, o disco apresenta, em sete faixas de pura salsa, para ouvir e dan\u00e7ar, uma pequena-grande retrospectiva dos primeiros anos da carreira discogr\u00e1fica de Blades. H\u00e1 tr\u00eas faixas dele com a orquestra de Willie Col\u00f3n (\u201cMe recordaras\u201d, \u201cPablo Pueblo\u201d e \u2018La mora\u201d), uma com a orquestra de Louie Ramirez (\u201cPaula C.\u201d), outra com a orquestra de Ray Barretto (\u201cCanto abacua\u201d) e duas com a orquestra Fania All-Stars, as mais recentes do disco: \u201cJuan Pachanga\u201d (1977) e \u201cSin tu cari\u00f1o\u201d (1978). Enfim, um disco que serve muito bem de introdu\u00e7\u00e3o \u00e0 obra de Ruben Blades, cujo estilo j\u00e1 foi designado de \u201csalsa intelectual\u201d. Deliciem-se&#8230;<\/div>\n<div class=\"separator\"><\/div>\n<div class=\"separator\" style=\"text-align: center;\">juan pachanga<\/div>\n<div class=\"separator\" style=\"text-align: center;\">si tu cari\u00f1o<\/div>\n<div class=\"separator\" style=\"text-align: center;\">paula c<\/div>\n<div class=\"separator\" style=\"text-align: center;\">me recordaras<\/div>\n<div class=\"separator\" style=\"text-align: center;\">pablo pueblo<\/div>\n<div class=\"separator\" style=\"text-align: center;\">la mora<\/div>\n<div class=\"separator\" style=\"text-align: center;\">canto abacua<\/div>\n<div class=\"separator\"><\/div>\n<div class=\"separator\"><\/div>\n<div class=\"separator\">*Texto de Samuel Machado Filho<\/div>\n","protected":false},"excerpt":{"rendered":"<p>Cantor, compositor, ator, m\u00fasico, advogado, pol\u00edtico. Este \u00e9 o perfil de Ruben Blades, um dos maiores expoentes da m\u00fasica popular caribenha, conhecido como \u201co poeta da salsa\u201d, que o TM p\u00f5e em foco no dia de hoje. Com o nome &hellip; <a href=\"https:\/\/www.toque-musicall.com\/?p=6210\">Continue lendo <span class=\"meta-nav\">&rarr;<\/span><\/a><\/p>\n","protected":false},"author":1,"featured_media":0,"comment_status":"open","ping_status":"closed","sticky":false,"template":"","format":"standard","meta":{"footnotes":""},"categories":[2897,2904],"tags":[],"class_list":["post-6210","post","type-post","status-publish","format-standard","hentry","category-internacional","category-selo-fania"],"_links":{"self":[{"href":"https:\/\/www.toque-musicall.com\/index.php?rest_route=\/wp\/v2\/posts\/6210","targetHints":{"allow":["GET"]}}],"collection":[{"href":"https:\/\/www.toque-musicall.com\/index.php?rest_route=\/wp\/v2\/posts"}],"about":[{"href":"https:\/\/www.toque-musicall.com\/index.php?rest_route=\/wp\/v2\/types\/post"}],"author":[{"embeddable":true,"href":"https:\/\/www.toque-musicall.com\/index.php?rest_route=\/wp\/v2\/users\/1"}],"replies":[{"embeddable":true,"href":"https:\/\/www.toque-musicall.com\/index.php?rest_route=%2Fwp%2Fv2%2Fcomments&post=6210"}],"version-history":[{"count":1,"href":"https:\/\/www.toque-musicall.com\/index.php?rest_route=\/wp\/v2\/posts\/6210\/revisions"}],"predecessor-version":[{"id":6211,"href":"https:\/\/www.toque-musicall.com\/index.php?rest_route=\/wp\/v2\/posts\/6210\/revisions\/6211"}],"wp:attachment":[{"href":"https:\/\/www.toque-musicall.com\/index.php?rest_route=%2Fwp%2Fv2%2Fmedia&parent=6210"}],"wp:term":[{"taxonomy":"category","embeddable":true,"href":"https:\/\/www.toque-musicall.com\/index.php?rest_route=%2Fwp%2Fv2%2Fcategories&post=6210"},{"taxonomy":"post_tag","embeddable":true,"href":"https:\/\/www.toque-musicall.com\/index.php?rest_route=%2Fwp%2Fv2%2Ftags&post=6210"}],"curies":[{"name":"wp","href":"https:\/\/api.w.org\/{rel}","templated":true}]}}